{"id":85751,"date":"2020-06-15T07:00:13","date_gmt":"2020-06-15T07:00:13","guid":{"rendered":"https:\/\/www.stellenanzeigen.de\/careeasy\/?p=85751"},"modified":"2020-06-18T07:43:45","modified_gmt":"2020-06-18T07:43:45","slug":"mondaymotivation-der-arschtritt-zum-wochenanfang","status":"publish","type":"post","link":"https:\/\/www.stellenanzeigen.de\/careeasy\/mondaymotivation-der-arschtritt-zum-wochenanfang-sde85751\/","title":{"rendered":"#mondaymotivation: Der Arschtritt zum Wochenanfang"},"content":{"rendered":"<p><span style=\"color: #333333;\">Endlich wieder Montag! <strong>Said no one. Ever.<\/strong> Seien wir ehrlich \u2013 der Start in die neue Woche ist oft m\u00fchselig und wir brauchen alle ein paar kleine Hilfsmittel, um nach dem entspannten Wochenende wieder in die G\u00e4nge zu kommen.<\/span><\/p><div id=\"ez-toc-container\" class=\"ez-toc-v2_0_62 counter-hierarchy ez-toc-counter ez-toc-grey ez-toc-container-direction\">\n<div class=\"ez-toc-title-container\">\n<p class=\"ez-toc-title \" >Inhaltsverzeichnis<\/p>\n<span class=\"ez-toc-title-toggle\"><\/span><\/div>\n<nav><ul class='ez-toc-list ez-toc-list-level-1 ' ><li class='ez-toc-page-1 ez-toc-heading-level-2'><a class=\"ez-toc-link ez-toc-heading-1\" href=\"https:\/\/www.stellenanzeigen.de\/careeasy\/mondaymotivation-der-arschtritt-zum-wochenanfang-sde85751\/#Spruch_der_Woche\" title=\"Spruch der Woche\">Spruch der Woche<\/a><\/li><li class='ez-toc-page-1 ez-toc-heading-level-2'><a class=\"ez-toc-link ez-toc-heading-2\" href=\"https:\/\/www.stellenanzeigen.de\/careeasy\/mondaymotivation-der-arschtritt-zum-wochenanfang-sde85751\/#Aktuelle_Jobangebote\" title=\"Aktuelle Jobangebote\">Aktuelle Jobangebote<\/a><\/li><\/ul><\/nav><\/div>\n\n<p><em><strong><span style=\"color: #333333;\">Zum Beispiel einen Liter Kaffee zum Fr\u00fchst\u00fcck. Dunkel, wie deine Stimmung. Stark, wie deine Arbeitsscheu. Bitter, wie deine M\u00fcdigkeit. Auf ex.\u00a0<\/span><\/strong><\/em><\/p>\n<p><span style=\"color: #333333;\">Doch auch wenn der Montag immer viel zu schnell kommt und du an diesem Tag grunds\u00e4tzlich nur aus Koffein und Augenringen bestehst, musst du dich wohl oder \u00fcbel jede Woche aufs Neue mit ihm abfinden. <strong>Unsere neue #mondaymotivation-Serie<\/strong> soll dir den Wochenanfang mit einer Prise Motivation und einem Schuss Humor ein wenig vers\u00fc\u00dfen.<\/span><\/p>\n<h2><span class=\"ez-toc-section\" id=\"Spruch_der_Woche\"><\/span><span style=\"color: #2b85b9;\"><strong>Spruch der Woche<\/strong><\/span><span class=\"ez-toc-section-end\"><\/span><\/h2>\n<blockquote><p><span style=\"color: #333333;\">&#8222;Wenn dir das Leben in den Hintern tritt, nutze den Schwung um weiterzukommen.\u201c<\/span><\/p><\/blockquote>\n<p><span style=\"color: #333333;\">Dass das Leben ab und zu ziemlich gerne saftige Arschtritte verteilt, durften wir wohl alle schon mal am eigenen Leib erfahren. Und ja, so ein Sto\u00df kann ganz sch\u00f6n weh tun und manchmal bringt er uns auch zu Fall. Da sitzen wir nun &#8211; gedem\u00fctigt, erniedrigt auf unserem Allerwertesten und k\u00f6nnen uns nur selbst leidtun.<strong> Womit haben wir das blo\u00df verdient?<\/strong> Das Leben ist so verdammt unfair!<\/span><\/p>\n<p><span style=\"color: #333333;\">Was aber, wenn dieser Arschtritt genau das ist, was wir in jenem Moment gebraucht haben? <strong>K\u00f6nnte es nicht sogar sein, dass das Leben uns nur einen Schubs in die richtige Richtung geben wollte?<\/strong> Nicht gerade gef\u00fchlvoll, da sind wir uns wohl einig, aber anders wollten wir es vielleicht einfach nicht kapieren.<\/span><\/p>\n<p><span style=\"color: #333333;\">Nat\u00fcrlich ist es erst einmal \u00e4tzend, wenn wir beispielsweise die Bef\u00f6rderung, auf die wir schon so lange hingearbeitet haben, doch nicht bekommen. Wenn sie aber <strong>stattdessen auch noch an unseren schmierigen Kollegen geht,<\/strong> der uns seinen Sieg die n\u00e4chsten zehn Jahre gen\u00fcsslich unter die Nase reiben wird, dann ist die Dem\u00fctigung doppelt so gro\u00df.<\/span><\/p>\n<p><span style=\"color: #333333;\">Doch je fester der Arschtritt, desto gr\u00f6\u00dfer der Schwung, oder? <strong>Und vielleicht ergeben sich durch solch einen Schlag pl\u00f6tzlich ganz andere M\u00f6glichkeiten f\u00fcr uns.<\/strong> Chancen, die wir niemals gesehen h\u00e4tten, w\u00e4re das Leben nicht so grob zu uns gewesen. T\u00fcren, die wir uns anderenfalls nie zu \u00d6ffnen gewagt h\u00e4tten.<\/span><\/p>\n<p><span style=\"color: #333333;\">Bevor wir es uns also nach dem n\u00e4chsten Arschtritt allzu bequem auf dem Boden machen und dort in Selbstmitleid ertrinken, k\u00f6nnten wir uns fragen, ob wir nicht auch etwas Positives aus dieser Situation mitnehmen k\u00f6nnen. <strong>Fallen, aufstehen, weitermachen.<\/strong> Und vielleicht landen wir dann das n\u00e4chste Mal nicht mehr sofort auf unserem Allerwertesten, sondern stolpern, fangen uns und nutzen den erzeugten Schwung, um eine neue, aufregende Richtung einzuschlagen.\u00a0<\/span><\/p>\n<p><em><strong><span style=\"color: #333333;\">Let&#8217;s make it a great Monday!<\/span><\/strong><\/em><\/p>\n<p><span style=\"color: #333333;\">Eure Marina<\/span><\/p>\n<h2><span class=\"ez-toc-section\" id=\"Aktuelle_Jobangebote\"><\/span><a href=\"https:\/\/www.stellenanzeigen.de\/jobs\/\" target=\"_blank\" rel=\"noopener noreferrer\">Aktuelle Jobangebote<\/a><span class=\"ez-toc-section-end\"><\/span><\/h2>\n<hr \/>\n<div id=\"suchwidgetErgebnisliste\"><\/div>\n<div id=\"StellenanzeigenSuchwidget\" tabindex=\"-1\"><\/div>\n<p><script>\n  var config = {\n    apiKey : 'FBEB08FBC7BB75349E26C51C530F79BF',\n    resultsPerPage : 3,\n    searchRadius : 60,\n    fulltext : 'Immobilien', \n    city : null,\n    category : null,\n    subCategories : null\n  };\n<\/script><br \/>\n<script type=\"text\/javascript\" src=\"https:\/\/app.stellenanzeigen.de\/widget\/init.js\"><\/script><\/p>\n<hr \/>\n<p>&nbsp;<\/p>\n","protected":false},"excerpt":{"rendered":"<p>Endlich wieder Montag! Said no one. Ever. Seien wir ehrlich \u2013 der Start in die neue Woche ist oft m\u00fchselig und wir brauchen alle&#8230;<\/p>\n","protected":false},"author":106,"featured_media":85755,"comment_status":"open","ping_status":"open","sticky":false,"template":"","format":"standard","meta":{"_uag_custom_page_level_css":""},"categories":[8314],"tags":[3019,9603,9605,9602,3135,9604],"yoast_head":"<!-- This site is optimized with the Yoast SEO plugin v20.7 - https:\/\/yoast.com\/wordpress\/plugins\/seo\/ -->\n<title>#mondaymotivation: Der Arschtritt zum Wochenanfang | careeasy - Dein Karrieremagazin<\/title>\n<meta name=\"description\" content=\"Endlich wieder Montag! Said no one. Ever. Seien wir ehrlich \u2013 der Start in die neue Woche ist oft m\u00fchselig und wir brauchen alle ein paar kleine\" \/>\n<meta name=\"robots\" content=\"index, follow, max-snippet:-1, max-image-preview:large, max-video-preview:-1\" \/>\n<link rel=\"canonical\" href=\"https:\/\/www.stellenanzeigen.de\/careeasy\/mondaymotivation-der-arschtritt-zum-wochenanfang-sde85751\/\" \/>\n<meta property=\"og:locale\" content=\"de_DE\" \/>\n<meta property=\"og:type\" content=\"article\" \/>\n<meta property=\"og:title\" content=\"#mondaymotivation: Der Arschtritt zum Wochenanfang | careeasy - Dein Karrieremagazin\" \/>\n<meta property=\"og:description\" content=\"Endlich wieder Montag! Said no one. Ever. Seien wir ehrlich \u2013 der Start in die neue Woche ist oft m\u00fchselig und wir brauchen alle ein paar kleine\" \/>\n<meta property=\"og:url\" content=\"https:\/\/www.stellenanzeigen.de\/careeasy\/mondaymotivation-der-arschtritt-zum-wochenanfang-sde85751\/\" \/>\n<meta property=\"og:site_name\" content=\"careeasy - Dein Karrieremagazin\" \/>\n<meta property=\"article:publisher\" content=\"https:\/\/www.facebook.com\/stellenanzeigen.de\/\" \/>\n<meta property=\"article:published_time\" content=\"2020-06-15T07:00:13+00:00\" \/>\n<meta property=\"article:modified_time\" content=\"2020-06-18T07:43:45+00:00\" \/>\n<meta property=\"og:image\" content=\"https:\/\/www.stellenanzeigen.de\/careeasy\/wp-content\/uploads\/2020\/06\/iStock-1144385632.jpg\" \/>\n\t<meta property=\"og:image:width\" content=\"1254\" \/>\n\t<meta property=\"og:image:height\" content=\"837\" \/>\n\t<meta property=\"og:image:type\" content=\"image\/jpeg\" \/>\n<meta name=\"author\" content=\"Marina Pavel\" \/>\n<meta name=\"twitter:label1\" content=\"Verfasst von\" \/>\n\t<meta name=\"twitter:data1\" content=\"Marina Pavel\" \/>\n\t<meta name=\"twitter:label2\" content=\"Gesch\u00e4tzte Lesezeit\" \/>\n\t<meta name=\"twitter:data2\" content=\"2 Minuten\" \/>\n<script type=\"application\/ld+json\" class=\"yoast-schema-graph\">{\"@context\":\"https:\/\/schema.org\",\"@graph\":[{\"@type\":\"Article\",\"@id\":\"https:\/\/www.stellenanzeigen.de\/careeasy\/mondaymotivation-der-arschtritt-zum-wochenanfang-sde85751\/#article\",\"isPartOf\":{\"@id\":\"https:\/\/www.stellenanzeigen.de\/careeasy\/mondaymotivation-der-arschtritt-zum-wochenanfang-sde85751\/\"},\"author\":{\"name\":\"Marina Pavel\",\"@id\":\"https:\/\/10.12.43.199\/careeasy\/#\/schema\/person\/4f4889284dce2cf97e546a57e442181d\"},\"headline\":\"#mondaymotivation: Der Arschtritt zum Wochenanfang\",\"datePublished\":\"2020-06-15T07:00:13+00:00\",\"dateModified\":\"2020-06-18T07:43:45+00:00\",\"mainEntityOfPage\":{\"@id\":\"https:\/\/www.stellenanzeigen.de\/careeasy\/mondaymotivation-der-arschtritt-zum-wochenanfang-sde85751\/\"},\"wordCount\":462,\"commentCount\":0,\"publisher\":{\"@id\":\"https:\/\/10.12.43.199\/careeasy\/#organization\"},\"keywords\":[\"Arbeit\",\"Arbeitswoche\",\"Humor\",\"Montag\",\"Motivation\",\"Wochenende\"],\"articleSection\":[\"Kolumnen &amp; Kommentare\"],\"inLanguage\":\"de-DE\",\"potentialAction\":[{\"@type\":\"CommentAction\",\"name\":\"Comment\",\"target\":[\"https:\/\/www.stellenanzeigen.de\/careeasy\/mondaymotivation-der-arschtritt-zum-wochenanfang-sde85751\/#respond\"]}]},{\"@type\":\"WebPage\",\"@id\":\"https:\/\/www.stellenanzeigen.de\/careeasy\/mondaymotivation-der-arschtritt-zum-wochenanfang-sde85751\/\",\"url\":\"https:\/\/www.stellenanzeigen.de\/careeasy\/mondaymotivation-der-arschtritt-zum-wochenanfang-sde85751\/\",\"name\":\"#mondaymotivation: Der Arschtritt zum Wochenanfang | careeasy - Dein Karrieremagazin\",\"isPartOf\":{\"@id\":\"https:\/\/10.12.43.199\/careeasy\/#website\"},\"datePublished\":\"2020-06-15T07:00:13+00:00\",\"dateModified\":\"2020-06-18T07:43:45+00:00\",\"description\":\"Endlich wieder Montag! Said no one. Ever. Seien wir ehrlich \u2013 der Start in die neue Woche ist oft m\u00fchselig und wir brauchen alle ein paar kleine\",\"breadcrumb\":{\"@id\":\"https:\/\/www.stellenanzeigen.de\/careeasy\/mondaymotivation-der-arschtritt-zum-wochenanfang-sde85751\/#breadcrumb\"},\"inLanguage\":\"de-DE\",\"potentialAction\":[{\"@type\":\"ReadAction\",\"target\":[\"https:\/\/www.stellenanzeigen.de\/careeasy\/mondaymotivation-der-arschtritt-zum-wochenanfang-sde85751\/\"]}]},{\"@type\":\"BreadcrumbList\",\"@id\":\"https:\/\/www.stellenanzeigen.de\/careeasy\/mondaymotivation-der-arschtritt-zum-wochenanfang-sde85751\/#breadcrumb\",\"itemListElement\":[{\"@type\":\"ListItem\",\"position\":1,\"name\":\"Careeasy\",\"item\":\"https:\/\/10.12.43.199\/careeasy\/\"},{\"@type\":\"ListItem\",\"position\":2,\"name\":\"#mondaymotivation: Der Arschtritt zum Wochenanfang\"}]},{\"@type\":\"WebSite\",\"@id\":\"https:\/\/10.12.43.199\/careeasy\/#website\",\"url\":\"https:\/\/10.12.43.199\/careeasy\/\",\"name\":\"careeasy - Dein Karrieremagazin\",\"description\":\"\",\"publisher\":{\"@id\":\"https:\/\/10.12.43.199\/careeasy\/#organization\"},\"potentialAction\":[{\"@type\":\"SearchAction\",\"target\":{\"@type\":\"EntryPoint\",\"urlTemplate\":\"https:\/\/10.12.43.199\/careeasy\/?s={search_term_string}\"},\"query-input\":\"required name=search_term_string\"}],\"inLanguage\":\"de-DE\"},{\"@type\":\"Organization\",\"@id\":\"https:\/\/10.12.43.199\/careeasy\/#organization\",\"name\":\"careeasy - Dein Karrieremagazin\",\"url\":\"https:\/\/10.12.43.199\/careeasy\/\",\"logo\":{\"@type\":\"ImageObject\",\"inLanguage\":\"de-DE\",\"@id\":\"https:\/\/10.12.43.199\/careeasy\/#\/schema\/logo\/image\/\",\"url\":\"https:\/\/www.stellenanzeigen.de\/careeasy\/wp-content\/uploads\/2024\/03\/careeasy_logo.jpg\",\"contentUrl\":\"https:\/\/www.stellenanzeigen.de\/careeasy\/wp-content\/uploads\/2024\/03\/careeasy_logo.jpg\",\"width\":701,\"height\":223,\"caption\":\"careeasy - Dein Karrieremagazin\"},\"image\":{\"@id\":\"https:\/\/10.12.43.199\/careeasy\/#\/schema\/logo\/image\/\"},\"sameAs\":[\"https:\/\/www.facebook.com\/stellenanzeigen.de\/\"]},{\"@type\":\"Person\",\"@id\":\"https:\/\/10.12.43.199\/careeasy\/#\/schema\/person\/4f4889284dce2cf97e546a57e442181d\",\"name\":\"Marina Pavel\",\"description\":\"Marina ist Redakteurin, Content-Managerin &amp; Autorin. Sie hat Romanische Sprachen, Literatur &amp; Linguistik an der Ludwig-Maximilians-Universit\u00e4t M\u00fcnchen studiert. Schreiben ist f\u00fcr sie nicht nur ein Beruf, es ist auch ihre gro\u00dfe Leidenschaft. F\u00fcr careeasy - Dein Karrieremagazin von stellenanzeigen.de schreibt Marina freiberuflich \u00fcber Themen rund um Bewerbung, Karriere und Pers\u00f6nlichkeitsentwicklung.\",\"url\":\"https:\/\/www.stellenanzeigen.de\/careeasy\/author\/marina\/\"}]}<\/script>\n<!-- \/ Yoast SEO plugin. -->","yoast_head_json":{"title":"#mondaymotivation: Der Arschtritt zum Wochenanfang | careeasy - Dein Karrieremagazin","description":"Endlich wieder Montag! Said no one. Ever. Seien wir ehrlich \u2013 der Start in die neue Woche ist oft m\u00fchselig und wir brauchen alle ein paar kleine","robots":{"index":"index","follow":"follow","max-snippet":"max-snippet:-1","max-image-preview":"max-image-preview:large","max-video-preview":"max-video-preview:-1"},"canonical":"https:\/\/www.stellenanzeigen.de\/careeasy\/mondaymotivation-der-arschtritt-zum-wochenanfang-sde85751\/","og_locale":"de_DE","og_type":"article","og_title":"#mondaymotivation: Der Arschtritt zum Wochenanfang | careeasy - Dein Karrieremagazin","og_description":"Endlich wieder Montag! Said no one. Ever. Seien wir ehrlich \u2013 der Start in die neue Woche ist oft m\u00fchselig und wir brauchen alle ein paar kleine","og_url":"https:\/\/www.stellenanzeigen.de\/careeasy\/mondaymotivation-der-arschtritt-zum-wochenanfang-sde85751\/","og_site_name":"careeasy - Dein Karrieremagazin","article_publisher":"https:\/\/www.facebook.com\/stellenanzeigen.de\/","article_published_time":"2020-06-15T07:00:13+00:00","article_modified_time":"2020-06-18T07:43:45+00:00","og_image":[{"width":1254,"height":837,"url":"https:\/\/www.stellenanzeigen.de\/careeasy\/wp-content\/uploads\/2020\/06\/iStock-1144385632.jpg","type":"image\/jpeg"}],"author":"Marina Pavel","twitter_misc":{"Verfasst von":"Marina Pavel","Gesch\u00e4tzte Lesezeit":"2 Minuten"},"schema":{"@context":"https:\/\/schema.org","@graph":[{"@type":"Article","@id":"https:\/\/www.stellenanzeigen.de\/careeasy\/mondaymotivation-der-arschtritt-zum-wochenanfang-sde85751\/#article","isPartOf":{"@id":"https:\/\/www.stellenanzeigen.de\/careeasy\/mondaymotivation-der-arschtritt-zum-wochenanfang-sde85751\/"},"author":{"name":"Marina Pavel","@id":"https:\/\/10.12.43.199\/careeasy\/#\/schema\/person\/4f4889284dce2cf97e546a57e442181d"},"headline":"#mondaymotivation: Der Arschtritt zum Wochenanfang","datePublished":"2020-06-15T07:00:13+00:00","dateModified":"2020-06-18T07:43:45+00:00","mainEntityOfPage":{"@id":"https:\/\/www.stellenanzeigen.de\/careeasy\/mondaymotivation-der-arschtritt-zum-wochenanfang-sde85751\/"},"wordCount":462,"commentCount":0,"publisher":{"@id":"https:\/\/10.12.43.199\/careeasy\/#organization"},"keywords":["Arbeit","Arbeitswoche","Humor","Montag","Motivation","Wochenende"],"articleSection":["Kolumnen &amp; Kommentare"],"inLanguage":"de-DE","potentialAction":[{"@type":"CommentAction","name":"Comment","target":["https:\/\/www.stellenanzeigen.de\/careeasy\/mondaymotivation-der-arschtritt-zum-wochenanfang-sde85751\/#respond"]}]},{"@type":"WebPage","@id":"https:\/\/www.stellenanzeigen.de\/careeasy\/mondaymotivation-der-arschtritt-zum-wochenanfang-sde85751\/","url":"https:\/\/www.stellenanzeigen.de\/careeasy\/mondaymotivation-der-arschtritt-zum-wochenanfang-sde85751\/","name":"#mondaymotivation: Der Arschtritt zum Wochenanfang | careeasy - Dein Karrieremagazin","isPartOf":{"@id":"https:\/\/10.12.43.199\/careeasy\/#website"},"datePublished":"2020-06-15T07:00:13+00:00","dateModified":"2020-06-18T07:43:45+00:00","description":"Endlich wieder Montag! Said no one. Ever. Seien wir ehrlich \u2013 der Start in die neue Woche ist oft m\u00fchselig und wir brauchen alle ein paar kleine","breadcrumb":{"@id":"https:\/\/www.stellenanzeigen.de\/careeasy\/mondaymotivation-der-arschtritt-zum-wochenanfang-sde85751\/#breadcrumb"},"inLanguage":"de-DE","potentialAction":[{"@type":"ReadAction","target":["https:\/\/www.stellenanzeigen.de\/careeasy\/mondaymotivation-der-arschtritt-zum-wochenanfang-sde85751\/"]}]},{"@type":"BreadcrumbList","@id":"https:\/\/www.stellenanzeigen.de\/careeasy\/mondaymotivation-der-arschtritt-zum-wochenanfang-sde85751\/#breadcrumb","itemListElement":[{"@type":"ListItem","position":1,"name":"Careeasy","item":"https:\/\/10.12.43.199\/careeasy\/"},{"@type":"ListItem","position":2,"name":"#mondaymotivation: Der Arschtritt zum Wochenanfang"}]},{"@type":"WebSite","@id":"https:\/\/10.12.43.199\/careeasy\/#website","url":"https:\/\/10.12.43.199\/careeasy\/","name":"careeasy - Dein Karrieremagazin","description":"","publisher":{"@id":"https:\/\/10.12.43.199\/careeasy\/#organization"},"potentialAction":[{"@type":"SearchAction","target":{"@type":"EntryPoint","urlTemplate":"https:\/\/10.12.43.199\/careeasy\/?s={search_term_string}"},"query-input":"required name=search_term_string"}],"inLanguage":"de-DE"},{"@type":"Organization","@id":"https:\/\/10.12.43.199\/careeasy\/#organization","name":"careeasy - Dein Karrieremagazin","url":"https:\/\/10.12.43.199\/careeasy\/","logo":{"@type":"ImageObject","inLanguage":"de-DE","@id":"https:\/\/10.12.43.199\/careeasy\/#\/schema\/logo\/image\/","url":"https:\/\/www.stellenanzeigen.de\/careeasy\/wp-content\/uploads\/2024\/03\/careeasy_logo.jpg","contentUrl":"https:\/\/www.stellenanzeigen.de\/careeasy\/wp-content\/uploads\/2024\/03\/careeasy_logo.jpg","width":701,"height":223,"caption":"careeasy - Dein Karrieremagazin"},"image":{"@id":"https:\/\/10.12.43.199\/careeasy\/#\/schema\/logo\/image\/"},"sameAs":["https:\/\/www.facebook.com\/stellenanzeigen.de\/"]},{"@type":"Person","@id":"https:\/\/10.12.43.199\/careeasy\/#\/schema\/person\/4f4889284dce2cf97e546a57e442181d","name":"Marina Pavel","description":"Marina ist Redakteurin, Content-Managerin &amp; Autorin. Sie hat Romanische Sprachen, Literatur &amp; Linguistik an der Ludwig-Maximilians-Universit\u00e4t M\u00fcnchen studiert. Schreiben ist f\u00fcr sie nicht nur ein Beruf, es ist auch ihre gro\u00dfe Leidenschaft. F\u00fcr careeasy - Dein Karrieremagazin von stellenanzeigen.de schreibt Marina freiberuflich \u00fcber Themen rund um Bewerbung, Karriere und Pers\u00f6nlichkeitsentwicklung.","url":"https:\/\/www.stellenanzeigen.de\/careeasy\/author\/marina\/"}]}},"uagb_featured_image_src":{"full":["https:\/\/www.stellenanzeigen.de\/careeasy\/wp-content\/uploads\/2020\/06\/iStock-1144385632.jpg",1254,837,false],"thumbnail":["https:\/\/www.stellenanzeigen.de\/careeasy\/wp-content\/uploads\/2020\/06\/iStock-1144385632-150x150.jpg",150,150,true],"medium":["https:\/\/www.stellenanzeigen.de\/careeasy\/wp-content\/uploads\/2020\/06\/iStock-1144385632-978x653.jpg",978,653,true],"medium_large":["https:\/\/www.stellenanzeigen.de\/careeasy\/wp-content\/uploads\/2020\/06\/iStock-1144385632-768x513.jpg",768,513,true],"large":["https:\/\/www.stellenanzeigen.de\/careeasy\/wp-content\/uploads\/2020\/06\/iStock-1144385632.jpg",798,533,false],"1536x1536":["https:\/\/www.stellenanzeigen.de\/careeasy\/wp-content\/uploads\/2020\/06\/iStock-1144385632.jpg",1254,837,false],"2048x2048":["https:\/\/www.stellenanzeigen.de\/careeasy\/wp-content\/uploads\/2020\/06\/iStock-1144385632.jpg",1254,837,false],"neomag-medium":["https:\/\/www.stellenanzeigen.de\/careeasy\/wp-content\/uploads\/2020\/06\/iStock-1144385632-428x260.jpg",428,260,true],"neomag-big":["https:\/\/www.stellenanzeigen.de\/careeasy\/wp-content\/uploads\/2020\/06\/iStock-1144385632-489x286.jpg",489,286,true],"neomag-large":["https:\/\/www.stellenanzeigen.de\/careeasy\/wp-content\/uploads\/2020\/06\/iStock-1144385632-672x414.jpg",672,414,true],"neomag-huge":["https:\/\/www.stellenanzeigen.de\/careeasy\/wp-content\/uploads\/2020\/06\/iStock-1144385632-978x652.jpg",978,652,true]},"uagb_author_info":{"display_name":"Marina Pavel","author_link":"https:\/\/www.stellenanzeigen.de\/careeasy\/author\/marina\/"},"uagb_comment_info":0,"uagb_excerpt":"Endlich wieder Montag! Said no one. Ever. Seien wir ehrlich \u2013 der Start in die neue Woche ist oft m\u00fchselig und wir brauchen alle...","_links":{"self":[{"href":"https:\/\/www.stellenanzeigen.de\/careeasy\/wp-json\/wp\/v2\/posts\/85751"}],"collection":[{"href":"https:\/\/www.stellenanzeigen.de\/careeasy\/wp-json\/wp\/v2\/posts"}],"about":[{"href":"https:\/\/www.stellenanzeigen.de\/careeasy\/wp-json\/wp\/v2\/types\/post"}],"author":[{"embeddable":true,"href":"https:\/\/www.stellenanzeigen.de\/careeasy\/wp-json\/wp\/v2\/users\/106"}],"replies":[{"embeddable":true,"href":"https:\/\/www.stellenanzeigen.de\/careeasy\/wp-json\/wp\/v2\/comments?post=85751"}],"version-history":[{"count":7,"href":"https:\/\/www.stellenanzeigen.de\/careeasy\/wp-json\/wp\/v2\/posts\/85751\/revisions"}],"predecessor-version":[{"id":85850,"href":"https:\/\/www.stellenanzeigen.de\/careeasy\/wp-json\/wp\/v2\/posts\/85751\/revisions\/85850"}],"wp:featuredmedia":[{"embeddable":true,"href":"https:\/\/www.stellenanzeigen.de\/careeasy\/wp-json\/wp\/v2\/media\/85755"}],"wp:attachment":[{"href":"https:\/\/www.stellenanzeigen.de\/careeasy\/wp-json\/wp\/v2\/media?parent=85751"}],"wp:term":[{"taxonomy":"category","embeddable":true,"href":"https:\/\/www.stellenanzeigen.de\/careeasy\/wp-json\/wp\/v2\/categories?post=85751"},{"taxonomy":"post_tag","embeddable":true,"href":"https:\/\/www.stellenanzeigen.de\/careeasy\/wp-json\/wp\/v2\/tags?post=85751"}],"curies":[{"name":"wp","href":"https:\/\/api.w.org\/{rel}","templated":true}]}}