{"id":105457,"date":"2023-02-15T07:00:39","date_gmt":"2023-02-15T06:00:39","guid":{"rendered":"https:\/\/www.stellenanzeigen.de\/careeasy\/?p=105457"},"modified":"2023-11-14T09:38:59","modified_gmt":"2023-11-14T08:38:59","slug":"karneval-im-buero-5-benimm-regeln","status":"publish","type":"post","link":"https:\/\/www.stellenanzeigen.de\/careeasy\/karneval-im-buero-5-benimm-regeln-sde105457\/","title":{"rendered":"Karneval im B\u00fcro: 5 Benimm-Regeln"},"content":{"rendered":"<p><span style=\"color: #333333;\">Es ist Karnevalssaison! In der f\u00fcnften Jahreszeit wird der graue Alltag bei vielen gegen eine bunte Feier eingetauscht. <strong>Immerhin ist dies die Zeit des Frohsinns und der Jecken.<\/strong> Wenn dann der Betrieb eine Karnevals-Feier im B\u00fcro organisiert, k\u00f6nnen auch am Arbeitsplatz die Korken knallen. Denn Karneval bietet eine tolle M\u00f6glichkeit, um mit den Kollegen zusammenzukommen und sich auf privater Ebene besser kennenzulernen. Gerade im Rheinland ist es durchaus \u00fcblich, <strong>dass der Arbeitgeber eine kleine Party f\u00fcr die Mitarbeiter plant.<\/strong><\/span><\/p><div id=\"ez-toc-container\" class=\"ez-toc-v2_0_62 counter-hierarchy ez-toc-counter ez-toc-grey ez-toc-container-direction\">\n<div class=\"ez-toc-title-container\">\n<p class=\"ez-toc-title \" >Inhaltsverzeichnis<\/p>\n<span class=\"ez-toc-title-toggle\"><\/span><\/div>\n<nav><ul class='ez-toc-list ez-toc-list-level-1 ' ><li class='ez-toc-page-1 ez-toc-heading-level-2'><a class=\"ez-toc-link ez-toc-heading-1\" href=\"https:\/\/www.stellenanzeigen.de\/careeasy\/karneval-im-buero-5-benimm-regeln-sde105457\/#Regel_1_Ein_angemessenes_Kostuem\" title=\"Regel #1: Ein angemessenes Kost\u00fcm\">Regel #1: Ein angemessenes Kost\u00fcm<\/a><\/li><li class='ez-toc-page-1 ez-toc-heading-level-2'><a class=\"ez-toc-link ez-toc-heading-2\" href=\"https:\/\/www.stellenanzeigen.de\/careeasy\/karneval-im-buero-5-benimm-regeln-sde105457\/#Regel_2_Den_Verhaltenskodex_bewahren\" title=\"Regel #2: Den Verhaltenskodex bewahren\">Regel #2: Den Verhaltenskodex bewahren<\/a><\/li><li class='ez-toc-page-1 ez-toc-heading-level-2'><a class=\"ez-toc-link ez-toc-heading-3\" href=\"https:\/\/www.stellenanzeigen.de\/careeasy\/karneval-im-buero-5-benimm-regeln-sde105457\/#Regel_3_Alkohol_mit_Bedacht_geniessen\" title=\"Regel #3: Alkohol mit Bedacht genie\u00dfen\">Regel #3: Alkohol mit Bedacht genie\u00dfen<\/a><\/li><li class='ez-toc-page-1 ez-toc-heading-level-2'><a class=\"ez-toc-link ez-toc-heading-4\" href=\"https:\/\/www.stellenanzeigen.de\/careeasy\/karneval-im-buero-5-benimm-regeln-sde105457\/#Regel_4_An_die_Arbeitszeiten_halten\" title=\"Regel #4: An die Arbeitszeiten halten\">Regel #4: An die Arbeitszeiten halten<\/a><\/li><li class='ez-toc-page-1 ez-toc-heading-level-2'><a class=\"ez-toc-link ez-toc-heading-5\" href=\"https:\/\/www.stellenanzeigen.de\/careeasy\/karneval-im-buero-5-benimm-regeln-sde105457\/#Regel_5_No-Go-Themen\" title=\"Regel #5: No-Go-Themen\">Regel #5: No-Go-Themen<\/a><\/li><li class='ez-toc-page-1 ez-toc-heading-level-2'><a class=\"ez-toc-link ez-toc-heading-6\" href=\"https:\/\/www.stellenanzeigen.de\/careeasy\/karneval-im-buero-5-benimm-regeln-sde105457\/#Fazit\" title=\"Fazit\">Fazit<\/a><\/li><li class='ez-toc-page-1 ez-toc-heading-level-2'><a class=\"ez-toc-link ez-toc-heading-7\" href=\"https:\/\/www.stellenanzeigen.de\/careeasy\/karneval-im-buero-5-benimm-regeln-sde105457\/#Aktuelle_Jobs\" title=\"Aktuelle Jobs\">Aktuelle Jobs<\/a><\/li><\/ul><\/nav><\/div>\n\n<p><span style=\"color: #333333;\"><span style=\"color: #2b85b9;\"><strong>Aber Vorsicht:<\/strong><\/span> Nur weil Fasching ist, darfst du dir dennoch nicht alles erlauben. Denn die Narrenfreiheit gilt im B\u00fcro nicht. <strong>Damit die Arbeitsfeier nicht ausartet, haben wir 5 Benimm-Regeln f\u00fcr dich.<\/strong><\/span><\/p>\n<h2><span class=\"ez-toc-section\" id=\"Regel_1_Ein_angemessenes_Kostuem\"><\/span><span style=\"color: #2b85b9;\">Regel #1: Ein angemessenes Kost\u00fcm<\/span><span class=\"ez-toc-section-end\"><\/span><\/h2>\n<p><span style=\"color: #333333;\">Klar, als echter Jecke willst du mit deinem Kost\u00fcm herausstechen und deine Kollegen beeindrucken. Vielleicht wird sogar ein Preis f\u00fcr das beste Kost\u00fcm verliehen. <strong>Da legst du dich erst recht ins Zeug.<\/strong> W\u00e4hrend deiner Fantasie bei einem privaten Umzug keine Grenzen gesetzt sind, solltest du dich bei der Arbeitsfeier allerdings eventuell etwas einbremsen. <\/span><\/p>\n<p><span style=\"color: #333333;\">Achte darauf, dass dein Outfit nicht zu freiz\u00fcgig ist. Die sexy Krankenschwester im knappen Rock oder der hotte Cowboy, der lediglich eine offene Weste \u00fcber dem Waschbrettbauch tr\u00e4gt, <strong>sind wohl nicht unbedingt die beste Wahl f\u00fcr diesen Anlass.<\/strong> Des Weiteren sollte dein Kost\u00fcm selbstverst\u00e4ndlich auf keinen Fall beleidigend <a href=\"https:\/\/www.stellenanzeigen.de\/careeasy\/diskriminierung-bei-der-jobsuche-deine-rechte-als-bewerber-sde99993\/\" target=\"_blank\" rel=\"noopener\">oder diskriminierend<\/a> gegen\u00fcber bestimmten Personengruppen sein. Mache dir also vorab Gedanken dar\u00fcber, ob dein Kost\u00fcm f\u00fcr den Arbeitsplatz angemessen ist.<\/span><\/p>\n<figure id=\"attachment_105463\" aria-describedby=\"caption-attachment-105463\" style=\"width: 978px\" class=\"wp-caption alignnone\"><img decoding=\"async\" loading=\"lazy\" class=\"size-medium wp-image-105463\" src=\"https:\/\/www.stellenanzeigen.de\/careeasy\/wp-content\/uploads\/2023\/02\/iStock-1460011912_Edson-Souza-978x652.jpg\" alt=\"Frau mit Faschingsmaske im B\u00fcro\" width=\"978\" height=\"652\" srcset=\"https:\/\/www.stellenanzeigen.de\/careeasy\/wp-content\/uploads\/2023\/02\/iStock-1460011912_Edson-Souza-978x652.jpg 978w, https:\/\/www.stellenanzeigen.de\/careeasy\/wp-content\/uploads\/2023\/02\/iStock-1460011912_Edson-Souza-768x512.jpg 768w, https:\/\/www.stellenanzeigen.de\/careeasy\/wp-content\/uploads\/2023\/02\/iStock-1460011912_Edson-Souza.jpg 1254w\" sizes=\"(max-width: 978px) 100vw, 978px\" \/><figcaption id=\"caption-attachment-105463\" class=\"wp-caption-text\">Bildquelle: www.istockphoto.com \/ Edson-Souza<\/figcaption><\/figure>\n<h2><span class=\"ez-toc-section\" id=\"Regel_2_Den_Verhaltenskodex_bewahren\"><\/span><span style=\"color: #2b85b9;\">Regel #2: Den Verhaltenskodex bewahren<\/span><span class=\"ez-toc-section-end\"><\/span><\/h2>\n<p><span style=\"color: #333333;\">Auch wenn das B\u00fcro zur Partyzone mutiert, so ist und bleibt es dennoch dein Arbeitsplatz. Daher ist es wichtig, dass du w\u00e4hrend der Feier professionell bleibst und <strong>nicht vergisst, dass dies eine Arbeitsveranstaltung ist.<\/strong> Wer sich daneben benimmt, der riskiert eventuell seine Karriere. Bleibe daher stets respektvoll gegen\u00fcber deinen Kollegen und deinen Vorgesetzen. <\/span><\/p>\n<p><span style=\"color: #333333;\">Beleidigungen sind hier fehl am Platz, selbst wenn sie als Spa\u00df gemeint sind. <a href=\"https:\/\/www.stellenanzeigen.de\/careeasy\/sexismus-am-arbeitsplatz-was-tun-sde89108\/\" target=\"_blank\" rel=\"noopener\">Sexuelle Bel\u00e4stigungen und anz\u00fcgliche Witze<\/a> <strong>sind selbstverst\u00e4ndlich absolute No-Gos.<\/strong> Verhalte dich einfach so, wie du es sonst auch tust, wenn du an einem normalen Tag im B\u00fcro bist. Der einzige Unterschied ist, dass du nun mehr Zeit hast, um mit deinen Kollegen auch \u00fcber private Dinge zu sprechen und die Arbeit nicht im Vordergrund steht.<\/span><\/p>\n<h2><span class=\"ez-toc-section\" id=\"Regel_3_Alkohol_mit_Bedacht_geniessen\"><\/span><span style=\"color: #2b85b9;\">Regel #3: Alkohol mit Bedacht genie\u00dfen<\/span><span class=\"ez-toc-section-end\"><\/span><\/h2>\n<p><span style=\"color: #333333;\">Alkohol und Karneval geh\u00f6ren f\u00fcr viele einfach zusammen. Wo doch sonst im B\u00fcro ein <strong>striktes Alkoholverbot<\/strong> herrscht, wird dieses bei der Karnevalsfeier vermutlich aufgehoben. Das hei\u00dft jedoch nicht, dass du es direkt \u00fcbertreiben solltest. Sich betrunken vor Kollegen und Chefs zu pr\u00e4sentieren, kommt in den meisten F\u00e4llen nicht gut an.<\/span><\/p>\n<p><span style=\"color: #333333;\"> Niemand hat etwas gegen einen leichten Schwips einzuwenden &#8211; schlie\u00dflich sind die n\u00e4rrischen Tage ja eine Ausnahmesituation &#8211; doch sobald du zu lallen anf\u00e4ngst oder dich danebenbenimmst, <strong>h\u00f6rt der Spa\u00df vermutlich ziemlich schnell auf.<\/strong> Achte also darauf, den Alkohol in Ma\u00dfen zu genie\u00dfen. Dann wirst du sicherlich auch viel mehr Spa\u00df haben und du musst nicht bef\u00fcrchten, am n\u00e4chsten Arbeitstag mit gesenktem Kopf ins B\u00fcro zu kommen, weil du dich peinlich verhalten hast.<\/span><\/p>\n<figure id=\"attachment_114720\" aria-describedby=\"caption-attachment-114720\" style=\"width: 960px\" class=\"wp-caption alignnone\"><img decoding=\"async\" loading=\"lazy\" class=\"wp-image-114720 size-full\" src=\"https:\/\/www.stellenanzeigen.de\/careeasy\/wp-content\/uploads\/2023\/02\/iStock-1368007541_DisobeyArt-1.jpg\" alt=\"Faschingsfeier im B\u00fcro\" width=\"960\" height=\"580\" srcset=\"https:\/\/www.stellenanzeigen.de\/careeasy\/wp-content\/uploads\/2023\/02\/iStock-1368007541_DisobeyArt-1.jpg 960w, https:\/\/www.stellenanzeigen.de\/careeasy\/wp-content\/uploads\/2023\/02\/iStock-1368007541_DisobeyArt-1-768x464.jpg 768w, https:\/\/www.stellenanzeigen.de\/careeasy\/wp-content\/uploads\/2023\/02\/iStock-1368007541_DisobeyArt-1-428x260.jpg 428w\" sizes=\"(max-width: 960px) 100vw, 960px\" \/><figcaption id=\"caption-attachment-114720\" class=\"wp-caption-text\">Bildquelle: www.istockphoto.com \/ DisobeyArt<\/figcaption><\/figure>\n<h2><span class=\"ez-toc-section\" id=\"Regel_4_An_die_Arbeitszeiten_halten\"><\/span><span style=\"color: #2b85b9;\">Regel #4: An die Arbeitszeiten halten<\/span><span class=\"ez-toc-section-end\"><\/span><\/h2>\n<p><span style=\"color: #333333;\">Auch wenn es im B\u00fcro an Fasching lustig hergeht, so solltest du dennoch darauf achten, deine Arbeitszeiten einzuhalten. Wenn der Chef erlaubt, fr\u00fcher Feierabend zu machen, dann umso besser! Dennoch solltest du<strong> deine Pflichten zuvor nicht vernachl\u00e4ssigen.<\/strong> Sorge daf\u00fcr, dass <a href=\"https:\/\/www.stellenanzeigen.de\/careeasy\/alpen-methode-sde100130\/\" target=\"_blank\" rel=\"noopener\">deine To-Dos<\/a> erledigt sind, dann kannst du die Feier noch mehr genie\u00dfen. <\/span><\/p>\n<p><span style=\"color: #333333;\">Solltest du am n\u00e4chsten Tag ganz normal arbeiten m\u00fcssen &#8211; immerhin sind Rosenmontag und Faschingsdienstag keine gesetzlichen Feiertage &#8211; musst du dazu auch in der Lage sein. Am n\u00e4chsten Tag krankmachen <strong>kommt gar nicht gut.<\/strong> Schlie\u00dflich kann sich jeder denken, dass du deinen Kater ausschlafen m\u00f6chtest. Du willst nach der Arbeitsfeier aber weiterziehen und es sp\u00e4ter au\u00dferhalb des B\u00fcros noch ordentlich krachen lassen? <strong>Dann nimm dir doch am besten f\u00fcr den n\u00e4chsten Tag direkt Urlaub.\u00a0<\/strong><\/span><\/p>\n<figure id=\"attachment_105460\" aria-describedby=\"caption-attachment-105460\" style=\"width: 978px\" class=\"wp-caption alignnone\"><img decoding=\"async\" loading=\"lazy\" class=\"size-medium wp-image-105460\" src=\"https:\/\/www.stellenanzeigen.de\/careeasy\/wp-content\/uploads\/2023\/02\/iStock-1365308357_brebca-978x652.jpg\" alt=\"Faschingskrapfen und Luftschlangen\" width=\"978\" height=\"652\" srcset=\"https:\/\/www.stellenanzeigen.de\/careeasy\/wp-content\/uploads\/2023\/02\/iStock-1365308357_brebca-978x652.jpg 978w, https:\/\/www.stellenanzeigen.de\/careeasy\/wp-content\/uploads\/2023\/02\/iStock-1365308357_brebca-768x512.jpg 768w, https:\/\/www.stellenanzeigen.de\/careeasy\/wp-content\/uploads\/2023\/02\/iStock-1365308357_brebca.jpg 1254w\" sizes=\"(max-width: 978px) 100vw, 978px\" \/><figcaption id=\"caption-attachment-105460\" class=\"wp-caption-text\">Bildquelle: www.istockphoto.com \/ brebca<\/figcaption><\/figure>\n<h2><span class=\"ez-toc-section\" id=\"Regel_5_No-Go-Themen\"><\/span><span style=\"color: #2b85b9;\">Regel #5: No-Go-Themen<\/span><span class=\"ez-toc-section-end\"><\/span><\/h2>\n<p><span style=\"color: #333333;\">Nat\u00fcrlich spricht man auf einer lustigen Karnevalsfeier auch mal \u00fcber Dinge, die man im normalen B\u00fcroalltag nicht diskutiert. Das ist zur Abwechslung auch mal ganz interessant, denn <strong>so lernt man seine Kollegen nochmal auf einer anderen Ebene kennen.<\/strong> Firmengeheimnisse oder vertrauliche Interna ausplaudern geht allerdings gar nicht! Gewisse Dinge geh\u00f6ren einfach nicht an die gro\u00dfe Glocke geh\u00e4ngt. Auch sehr private Dinge, wie beispielsweise intime Beziehungsprobleme oder Krankheiten, die detailliert beschrieben werden, geh\u00f6ren hier nicht her. Wie auch im normalen B\u00fcroalltag gibt es bei Firmenevents, was den Small-Talk angeht, <strong>gewisse No-Go-Themen.<\/strong> Hier eine Auflistung gewisser <a href=\"https:\/\/www.stellenanzeigen.de\/careeasy\/10-no-go-themen-am-arbeitsplatz-sde98334\/\">No-Go-Themen am Arbeitsplatz<\/a>.<\/span><\/p>\n<h2><span class=\"ez-toc-section\" id=\"Fazit\"><\/span><span style=\"color: #2b85b9;\">Fazit<\/span><span class=\"ez-toc-section-end\"><\/span><\/h2>\n<p><span style=\"color: #333333;\">Ruft der Chef zum Karneval im B\u00fcro, ist das ein Grund zur Freude. Mit befreundeten Kollegen zu feiern, sich verkleiden und das n\u00e4rrische Treiben zu genie\u00dfen macht Spa\u00df und st\u00e4rkt den Teamzusammenhalt. Solange du dich auf dem Arbeitsevent im B\u00fcro gut benimmst, die Narrenfreiheit nicht zu sehr ausnutzt und beim Alkohol nicht \u00fcber die Str\u00e4nge schl\u00e4gst, steht einem lustigen Beisammensein nichts mehr im Weg. Wir w\u00fcnschen viel Spa\u00df beim Karneval.<\/span><\/p>\n<h2><span class=\"ez-toc-section\" id=\"Aktuelle_Jobs\"><\/span><a href=\"https:\/\/www.stellenanzeigen.de\/jobs\/\" target=\"_blank\" rel=\"noopener noreferrer\">Aktuelle Jobs<\/a><span class=\"ez-toc-section-end\"><\/span><\/h2>\n<hr \/>\n<div id=\"suchwidgetErgebnisliste\"><\/div>\n<div id=\"StellenanzeigenSuchwidget\" tabindex=\"-1\"><\/div>\n<p><script>\n  var config = {\n    apiKey : 'FBEB08FBC7BB75349E26C51C530F79BF',\n    resultsPerPage : 3,\n    searchRadius : 60,\n    fulltext : null,\n    city : null,\n    category : null,\n    subCategories : null\n  };\n<\/script><br \/>\n<script type=\"text\/javascript\" src=\"https:\/\/app.stellenanzeigen.de\/widget\/init.js\"><\/script><\/p>\n<hr \/>\n","protected":false},"excerpt":{"rendered":"<p>Es ist Karnevalssaison! In der f\u00fcnften Jahreszeit wird der graue Alltag bei vielen gegen eine bunte Feier eingetauscht. Immerhin ist dies die Zeit des&#8230;<\/p>\n","protected":false},"author":106,"featured_media":105461,"comment_status":"open","ping_status":"open","sticky":false,"template":"","format":"standard","meta":{"_uag_custom_page_level_css":""},"categories":[7467],"tags":[13261,13258,13260,5324,13259],"yoast_head":"<!-- This site is optimized with the Yoast SEO plugin v20.7 - https:\/\/yoast.com\/wordpress\/plugins\/seo\/ -->\n<title>Karneval im B\u00fcro: 5 Benimm-Regeln | careeasy - Dein Karrieremagazin<\/title>\n<meta name=\"description\" content=\"Es ist Karnevalssaison! In der f\u00fcnften Jahreszeit wird der graue Alltag bei vielen gegen eine bunte Feier eingetauscht. Immerhin ist dies die Zeit des\" \/>\n<meta name=\"robots\" content=\"index, follow, max-snippet:-1, max-image-preview:large, max-video-preview:-1\" \/>\n<link rel=\"canonical\" href=\"https:\/\/careeasy.prod.tenhil.io\/careeasy\/karneval-im-buero-5-benimm-regeln-sde105457\/\" \/>\n<meta property=\"og:locale\" content=\"de_DE\" \/>\n<meta property=\"og:type\" content=\"article\" \/>\n<meta property=\"og:title\" content=\"Karneval im B\u00fcro: 5 Benimm-Regeln | careeasy - Dein Karrieremagazin\" \/>\n<meta property=\"og:description\" content=\"Es ist Karnevalssaison! In der f\u00fcnften Jahreszeit wird der graue Alltag bei vielen gegen eine bunte Feier eingetauscht. Immerhin ist dies die Zeit des\" \/>\n<meta property=\"og:url\" content=\"https:\/\/careeasy.prod.tenhil.io\/careeasy\/karneval-im-buero-5-benimm-regeln-sde105457\/\" \/>\n<meta property=\"og:site_name\" content=\"careeasy - Dein Karrieremagazin\" \/>\n<meta property=\"article:publisher\" content=\"https:\/\/www.facebook.com\/stellenanzeigen.de\/\" \/>\n<meta property=\"article:published_time\" content=\"2023-02-15T06:00:39+00:00\" \/>\n<meta property=\"article:modified_time\" content=\"2023-11-14T08:38:59+00:00\" \/>\n<meta property=\"og:image\" content=\"https:\/\/careeasy.prod.tenhil.io\/careeasy\/wp-content\/uploads\/2023\/02\/iStock-1367584375_klebercordeiro.jpg\" \/>\n\t<meta property=\"og:image:width\" content=\"1254\" \/>\n\t<meta property=\"og:image:height\" content=\"836\" \/>\n\t<meta property=\"og:image:type\" content=\"image\/jpeg\" \/>\n<meta name=\"author\" content=\"Marina Pavel\" \/>\n<meta name=\"twitter:label1\" content=\"Verfasst von\" \/>\n\t<meta name=\"twitter:data1\" content=\"Marina Pavel\" \/>\n\t<meta name=\"twitter:label2\" content=\"Gesch\u00e4tzte Lesezeit\" \/>\n\t<meta name=\"twitter:data2\" content=\"6 Minuten\" \/>\n<script type=\"application\/ld+json\" class=\"yoast-schema-graph\">{\"@context\":\"https:\/\/schema.org\",\"@graph\":[{\"@type\":\"Article\",\"@id\":\"https:\/\/careeasy.prod.tenhil.io\/careeasy\/karneval-im-buero-5-benimm-regeln-sde105457\/#article\",\"isPartOf\":{\"@id\":\"https:\/\/careeasy.prod.tenhil.io\/careeasy\/karneval-im-buero-5-benimm-regeln-sde105457\/\"},\"author\":{\"name\":\"Marina Pavel\",\"@id\":\"https:\/\/www.stellenanzeigen.de\/careeasy\/#\/schema\/person\/4f4889284dce2cf97e546a57e442181d\"},\"headline\":\"Karneval im B\u00fcro: 5 Benimm-Regeln\",\"datePublished\":\"2023-02-15T06:00:39+00:00\",\"dateModified\":\"2023-11-14T08:38:59+00:00\",\"mainEntityOfPage\":{\"@id\":\"https:\/\/careeasy.prod.tenhil.io\/careeasy\/karneval-im-buero-5-benimm-regeln-sde105457\/\"},\"wordCount\":906,\"commentCount\":0,\"publisher\":{\"@id\":\"https:\/\/www.stellenanzeigen.de\/careeasy\/#organization\"},\"keywords\":[\"Benimm-Regeln\",\"Fasching\",\"Firmenevent\",\"Firmenfeier\",\"Karneval\"],\"articleSection\":[\"Selbstentwicklung\"],\"inLanguage\":\"de-DE\",\"potentialAction\":[{\"@type\":\"CommentAction\",\"name\":\"Comment\",\"target\":[\"https:\/\/careeasy.prod.tenhil.io\/careeasy\/karneval-im-buero-5-benimm-regeln-sde105457\/#respond\"]}]},{\"@type\":\"WebPage\",\"@id\":\"https:\/\/careeasy.prod.tenhil.io\/careeasy\/karneval-im-buero-5-benimm-regeln-sde105457\/\",\"url\":\"https:\/\/careeasy.prod.tenhil.io\/careeasy\/karneval-im-buero-5-benimm-regeln-sde105457\/\",\"name\":\"Karneval im B\u00fcro: 5 Benimm-Regeln | careeasy - Dein Karrieremagazin\",\"isPartOf\":{\"@id\":\"https:\/\/www.stellenanzeigen.de\/careeasy\/#website\"},\"datePublished\":\"2023-02-15T06:00:39+00:00\",\"dateModified\":\"2023-11-14T08:38:59+00:00\",\"description\":\"Es ist Karnevalssaison! In der f\u00fcnften Jahreszeit wird der graue Alltag bei vielen gegen eine bunte Feier eingetauscht. Immerhin ist dies die Zeit des\",\"breadcrumb\":{\"@id\":\"https:\/\/careeasy.prod.tenhil.io\/careeasy\/karneval-im-buero-5-benimm-regeln-sde105457\/#breadcrumb\"},\"inLanguage\":\"de-DE\",\"potentialAction\":[{\"@type\":\"ReadAction\",\"target\":[\"https:\/\/careeasy.prod.tenhil.io\/careeasy\/karneval-im-buero-5-benimm-regeln-sde105457\/\"]}]},{\"@type\":\"BreadcrumbList\",\"@id\":\"https:\/\/careeasy.prod.tenhil.io\/careeasy\/karneval-im-buero-5-benimm-regeln-sde105457\/#breadcrumb\",\"itemListElement\":[{\"@type\":\"ListItem\",\"position\":1,\"name\":\"Careeasy\",\"item\":\"https:\/\/www.stellenanzeigen.de\/careeasy\/\"},{\"@type\":\"ListItem\",\"position\":2,\"name\":\"Karneval im B\u00fcro: 5 Benimm-Regeln\"}]},{\"@type\":\"WebSite\",\"@id\":\"https:\/\/www.stellenanzeigen.de\/careeasy\/#website\",\"url\":\"https:\/\/www.stellenanzeigen.de\/careeasy\/\",\"name\":\"careeasy - Dein Karrieremagazin\",\"description\":\"\",\"publisher\":{\"@id\":\"https:\/\/www.stellenanzeigen.de\/careeasy\/#organization\"},\"potentialAction\":[{\"@type\":\"SearchAction\",\"target\":{\"@type\":\"EntryPoint\",\"urlTemplate\":\"https:\/\/www.stellenanzeigen.de\/careeasy\/?s={search_term_string}\"},\"query-input\":\"required name=search_term_string\"}],\"inLanguage\":\"de-DE\"},{\"@type\":\"Organization\",\"@id\":\"https:\/\/www.stellenanzeigen.de\/careeasy\/#organization\",\"name\":\"careeasy - Dein Karrieremagazin\",\"url\":\"https:\/\/www.stellenanzeigen.de\/careeasy\/\",\"logo\":{\"@type\":\"ImageObject\",\"inLanguage\":\"de-DE\",\"@id\":\"https:\/\/www.stellenanzeigen.de\/careeasy\/#\/schema\/logo\/image\/\",\"url\":\"https:\/\/www.stellenanzeigen.de\/careeasy\/wp-content\/uploads\/2024\/03\/careeasy_logo.jpg\",\"contentUrl\":\"https:\/\/www.stellenanzeigen.de\/careeasy\/wp-content\/uploads\/2024\/03\/careeasy_logo.jpg\",\"width\":701,\"height\":223,\"caption\":\"careeasy - Dein Karrieremagazin\"},\"image\":{\"@id\":\"https:\/\/www.stellenanzeigen.de\/careeasy\/#\/schema\/logo\/image\/\"},\"sameAs\":[\"https:\/\/www.facebook.com\/stellenanzeigen.de\/\"]},{\"@type\":\"Person\",\"@id\":\"https:\/\/www.stellenanzeigen.de\/careeasy\/#\/schema\/person\/4f4889284dce2cf97e546a57e442181d\",\"name\":\"Marina Pavel\",\"description\":\"Marina ist Redakteurin, Content-Managerin &amp; Autorin. Sie hat Romanische Sprachen, Literatur &amp; Linguistik an der Ludwig-Maximilians-Universit\u00e4t M\u00fcnchen studiert. Schreiben ist f\u00fcr sie nicht nur ein Beruf, es ist auch ihre gro\u00dfe Leidenschaft. F\u00fcr careeasy - Dein Karrieremagazin von stellenanzeigen.de schreibt Marina freiberuflich \u00fcber Themen rund um Bewerbung, Karriere und Pers\u00f6nlichkeitsentwicklung.\",\"url\":\"https:\/\/www.stellenanzeigen.de\/careeasy\/author\/marina\/\"}]}<\/script>\n<!-- \/ Yoast SEO plugin. -->","yoast_head_json":{"title":"Karneval im B\u00fcro: 5 Benimm-Regeln | careeasy - Dein Karrieremagazin","description":"Es ist Karnevalssaison! In der f\u00fcnften Jahreszeit wird der graue Alltag bei vielen gegen eine bunte Feier eingetauscht. Immerhin ist dies die Zeit des","robots":{"index":"index","follow":"follow","max-snippet":"max-snippet:-1","max-image-preview":"max-image-preview:large","max-video-preview":"max-video-preview:-1"},"canonical":"https:\/\/careeasy.prod.tenhil.io\/careeasy\/karneval-im-buero-5-benimm-regeln-sde105457\/","og_locale":"de_DE","og_type":"article","og_title":"Karneval im B\u00fcro: 5 Benimm-Regeln | careeasy - Dein Karrieremagazin","og_description":"Es ist Karnevalssaison! In der f\u00fcnften Jahreszeit wird der graue Alltag bei vielen gegen eine bunte Feier eingetauscht. Immerhin ist dies die Zeit des","og_url":"https:\/\/careeasy.prod.tenhil.io\/careeasy\/karneval-im-buero-5-benimm-regeln-sde105457\/","og_site_name":"careeasy - Dein Karrieremagazin","article_publisher":"https:\/\/www.facebook.com\/stellenanzeigen.de\/","article_published_time":"2023-02-15T06:00:39+00:00","article_modified_time":"2023-11-14T08:38:59+00:00","og_image":[{"width":1254,"height":836,"url":"https:\/\/careeasy.prod.tenhil.io\/careeasy\/wp-content\/uploads\/2023\/02\/iStock-1367584375_klebercordeiro.jpg","type":"image\/jpeg"}],"author":"Marina Pavel","twitter_misc":{"Verfasst von":"Marina Pavel","Gesch\u00e4tzte Lesezeit":"6 Minuten"},"schema":{"@context":"https:\/\/schema.org","@graph":[{"@type":"Article","@id":"https:\/\/careeasy.prod.tenhil.io\/careeasy\/karneval-im-buero-5-benimm-regeln-sde105457\/#article","isPartOf":{"@id":"https:\/\/careeasy.prod.tenhil.io\/careeasy\/karneval-im-buero-5-benimm-regeln-sde105457\/"},"author":{"name":"Marina Pavel","@id":"https:\/\/www.stellenanzeigen.de\/careeasy\/#\/schema\/person\/4f4889284dce2cf97e546a57e442181d"},"headline":"Karneval im B\u00fcro: 5 Benimm-Regeln","datePublished":"2023-02-15T06:00:39+00:00","dateModified":"2023-11-14T08:38:59+00:00","mainEntityOfPage":{"@id":"https:\/\/careeasy.prod.tenhil.io\/careeasy\/karneval-im-buero-5-benimm-regeln-sde105457\/"},"wordCount":906,"commentCount":0,"publisher":{"@id":"https:\/\/www.stellenanzeigen.de\/careeasy\/#organization"},"keywords":["Benimm-Regeln","Fasching","Firmenevent","Firmenfeier","Karneval"],"articleSection":["Selbstentwicklung"],"inLanguage":"de-DE","potentialAction":[{"@type":"CommentAction","name":"Comment","target":["https:\/\/careeasy.prod.tenhil.io\/careeasy\/karneval-im-buero-5-benimm-regeln-sde105457\/#respond"]}]},{"@type":"WebPage","@id":"https:\/\/careeasy.prod.tenhil.io\/careeasy\/karneval-im-buero-5-benimm-regeln-sde105457\/","url":"https:\/\/careeasy.prod.tenhil.io\/careeasy\/karneval-im-buero-5-benimm-regeln-sde105457\/","name":"Karneval im B\u00fcro: 5 Benimm-Regeln | careeasy - Dein Karrieremagazin","isPartOf":{"@id":"https:\/\/www.stellenanzeigen.de\/careeasy\/#website"},"datePublished":"2023-02-15T06:00:39+00:00","dateModified":"2023-11-14T08:38:59+00:00","description":"Es ist Karnevalssaison! In der f\u00fcnften Jahreszeit wird der graue Alltag bei vielen gegen eine bunte Feier eingetauscht. Immerhin ist dies die Zeit des","breadcrumb":{"@id":"https:\/\/careeasy.prod.tenhil.io\/careeasy\/karneval-im-buero-5-benimm-regeln-sde105457\/#breadcrumb"},"inLanguage":"de-DE","potentialAction":[{"@type":"ReadAction","target":["https:\/\/careeasy.prod.tenhil.io\/careeasy\/karneval-im-buero-5-benimm-regeln-sde105457\/"]}]},{"@type":"BreadcrumbList","@id":"https:\/\/careeasy.prod.tenhil.io\/careeasy\/karneval-im-buero-5-benimm-regeln-sde105457\/#breadcrumb","itemListElement":[{"@type":"ListItem","position":1,"name":"Careeasy","item":"https:\/\/www.stellenanzeigen.de\/careeasy\/"},{"@type":"ListItem","position":2,"name":"Karneval im B\u00fcro: 5 Benimm-Regeln"}]},{"@type":"WebSite","@id":"https:\/\/www.stellenanzeigen.de\/careeasy\/#website","url":"https:\/\/www.stellenanzeigen.de\/careeasy\/","name":"careeasy - Dein Karrieremagazin","description":"","publisher":{"@id":"https:\/\/www.stellenanzeigen.de\/careeasy\/#organization"},"potentialAction":[{"@type":"SearchAction","target":{"@type":"EntryPoint","urlTemplate":"https:\/\/www.stellenanzeigen.de\/careeasy\/?s={search_term_string}"},"query-input":"required name=search_term_string"}],"inLanguage":"de-DE"},{"@type":"Organization","@id":"https:\/\/www.stellenanzeigen.de\/careeasy\/#organization","name":"careeasy - Dein Karrieremagazin","url":"https:\/\/www.stellenanzeigen.de\/careeasy\/","logo":{"@type":"ImageObject","inLanguage":"de-DE","@id":"https:\/\/www.stellenanzeigen.de\/careeasy\/#\/schema\/logo\/image\/","url":"https:\/\/www.stellenanzeigen.de\/careeasy\/wp-content\/uploads\/2024\/03\/careeasy_logo.jpg","contentUrl":"https:\/\/www.stellenanzeigen.de\/careeasy\/wp-content\/uploads\/2024\/03\/careeasy_logo.jpg","width":701,"height":223,"caption":"careeasy - Dein Karrieremagazin"},"image":{"@id":"https:\/\/www.stellenanzeigen.de\/careeasy\/#\/schema\/logo\/image\/"},"sameAs":["https:\/\/www.facebook.com\/stellenanzeigen.de\/"]},{"@type":"Person","@id":"https:\/\/www.stellenanzeigen.de\/careeasy\/#\/schema\/person\/4f4889284dce2cf97e546a57e442181d","name":"Marina Pavel","description":"Marina ist Redakteurin, Content-Managerin &amp; Autorin. Sie hat Romanische Sprachen, Literatur &amp; Linguistik an der Ludwig-Maximilians-Universit\u00e4t M\u00fcnchen studiert. Schreiben ist f\u00fcr sie nicht nur ein Beruf, es ist auch ihre gro\u00dfe Leidenschaft. F\u00fcr careeasy - Dein Karrieremagazin von stellenanzeigen.de schreibt Marina freiberuflich \u00fcber Themen rund um Bewerbung, Karriere und Pers\u00f6nlichkeitsentwicklung.","url":"https:\/\/www.stellenanzeigen.de\/careeasy\/author\/marina\/"}]}},"uagb_featured_image_src":{"full":["https:\/\/www.stellenanzeigen.de\/careeasy\/wp-content\/uploads\/2023\/02\/iStock-1367584375_klebercordeiro.jpg",1254,836,false],"thumbnail":["https:\/\/www.stellenanzeigen.de\/careeasy\/wp-content\/uploads\/2023\/02\/iStock-1367584375_klebercordeiro-150x150.jpg",150,150,true],"medium":["https:\/\/www.stellenanzeigen.de\/careeasy\/wp-content\/uploads\/2023\/02\/iStock-1367584375_klebercordeiro-978x652.jpg",978,652,true],"medium_large":["https:\/\/www.stellenanzeigen.de\/careeasy\/wp-content\/uploads\/2023\/02\/iStock-1367584375_klebercordeiro-768x512.jpg",768,512,true],"large":["https:\/\/www.stellenanzeigen.de\/careeasy\/wp-content\/uploads\/2023\/02\/iStock-1367584375_klebercordeiro.jpg",798,532,false],"1536x1536":["https:\/\/www.stellenanzeigen.de\/careeasy\/wp-content\/uploads\/2023\/02\/iStock-1367584375_klebercordeiro.jpg",1254,836,false],"2048x2048":["https:\/\/www.stellenanzeigen.de\/careeasy\/wp-content\/uploads\/2023\/02\/iStock-1367584375_klebercordeiro.jpg",1254,836,false],"neomag-medium":["https:\/\/www.stellenanzeigen.de\/careeasy\/wp-content\/uploads\/2023\/02\/iStock-1367584375_klebercordeiro-428x260.jpg",428,260,true],"neomag-big":["https:\/\/www.stellenanzeigen.de\/careeasy\/wp-content\/uploads\/2023\/02\/iStock-1367584375_klebercordeiro-489x286.jpg",489,286,true],"neomag-large":["https:\/\/www.stellenanzeigen.de\/careeasy\/wp-content\/uploads\/2023\/02\/iStock-1367584375_klebercordeiro-672x414.jpg",672,414,true],"neomag-huge":["https:\/\/www.stellenanzeigen.de\/careeasy\/wp-content\/uploads\/2023\/02\/iStock-1367584375_klebercordeiro-978x652.jpg",978,652,true]},"uagb_author_info":{"display_name":"Marina Pavel","author_link":"https:\/\/www.stellenanzeigen.de\/careeasy\/author\/marina\/"},"uagb_comment_info":332,"uagb_excerpt":"Es ist Karnevalssaison! In der f\u00fcnften Jahreszeit wird der graue Alltag bei vielen gegen eine bunte Feier eingetauscht. Immerhin ist dies die Zeit des...","_links":{"self":[{"href":"https:\/\/www.stellenanzeigen.de\/careeasy\/wp-json\/wp\/v2\/posts\/105457"}],"collection":[{"href":"https:\/\/www.stellenanzeigen.de\/careeasy\/wp-json\/wp\/v2\/posts"}],"about":[{"href":"https:\/\/www.stellenanzeigen.de\/careeasy\/wp-json\/wp\/v2\/types\/post"}],"author":[{"embeddable":true,"href":"https:\/\/www.stellenanzeigen.de\/careeasy\/wp-json\/wp\/v2\/users\/106"}],"replies":[{"embeddable":true,"href":"https:\/\/www.stellenanzeigen.de\/careeasy\/wp-json\/wp\/v2\/comments?post=105457"}],"version-history":[{"count":5,"href":"https:\/\/www.stellenanzeigen.de\/careeasy\/wp-json\/wp\/v2\/posts\/105457\/revisions"}],"predecessor-version":[{"id":114722,"href":"https:\/\/www.stellenanzeigen.de\/careeasy\/wp-json\/wp\/v2\/posts\/105457\/revisions\/114722"}],"wp:featuredmedia":[{"embeddable":true,"href":"https:\/\/www.stellenanzeigen.de\/careeasy\/wp-json\/wp\/v2\/media\/105461"}],"wp:attachment":[{"href":"https:\/\/www.stellenanzeigen.de\/careeasy\/wp-json\/wp\/v2\/media?parent=105457"}],"wp:term":[{"taxonomy":"category","embeddable":true,"href":"https:\/\/www.stellenanzeigen.de\/careeasy\/wp-json\/wp\/v2\/categories?post=105457"},{"taxonomy":"post_tag","embeddable":true,"href":"https:\/\/www.stellenanzeigen.de\/careeasy\/wp-json\/wp\/v2\/tags?post=105457"}],"curies":[{"name":"wp","href":"https:\/\/api.w.org\/{rel}","templated":true}]}}