{"id":103440,"date":"2022-10-21T07:00:13","date_gmt":"2022-10-21T05:00:13","guid":{"rendered":"https:\/\/www.stellenanzeigen.de\/careeasy\/?p=103440"},"modified":"2024-03-22T12:30:01","modified_gmt":"2024-03-22T11:30:01","slug":"betriebliches-eingliederungsmanagement-zurueck-in-den-job-mit-bem","status":"publish","type":"post","link":"https:\/\/www.stellenanzeigen.de\/careeasy\/betriebliches-eingliederungsmanagement-zurueck-in-den-job-mit-bem-sde103440\/","title":{"rendered":"Betriebliches Eingliederungsmanagement: Zur\u00fcck in den Job mit BEM"},"content":{"rendered":"<p><span style=\"color: #333333;\">Wer l\u00e4nger erkrankt, hat bei der R\u00fcckkehr in den Job h\u00e4ufig <strong>Schwierigkeiten damit, sich nach der Auszeit wieder in den Arbeitsalltag einzugliedern.<\/strong> Oft ist man noch nicht ganz fit und zudem kann es schwierig sein, alte Aufgaben wieder aufzunehmen, wenn sich zwischenzeitlich gewisse Abl\u00e4ufe ge\u00e4ndert haben. Nat\u00fcrlich kann der Arbeitgeber nicht erwarten,<strong> dass sein Mitarbeiter sofort wieder hundert Prozent geben kann.<\/strong> Denn sollte dieser sich \u00fcbernehmen, kann es schnell passieren, dass er erneut ausf\u00e4llt.\u00a0<\/span><\/p><div id=\"ez-toc-container\" class=\"ez-toc-v2_0_62 counter-hierarchy ez-toc-counter ez-toc-grey ez-toc-container-direction\">\n<div class=\"ez-toc-title-container\">\n<p class=\"ez-toc-title \" >Inhaltsverzeichnis<\/p>\n<span class=\"ez-toc-title-toggle\"><\/span><\/div>\n<nav><ul class='ez-toc-list ez-toc-list-level-1 ' ><li class='ez-toc-page-1 ez-toc-heading-level-2'><a class=\"ez-toc-link ez-toc-heading-1\" href=\"https:\/\/www.stellenanzeigen.de\/careeasy\/betriebliches-eingliederungsmanagement-zurueck-in-den-job-mit-bem-sde103440\/#Was_ist_BEM\" title=\"Was ist BEM?\">Was ist BEM?<\/a><\/li><li class='ez-toc-page-1 ez-toc-heading-level-2'><a class=\"ez-toc-link ez-toc-heading-2\" href=\"https:\/\/www.stellenanzeigen.de\/careeasy\/betriebliches-eingliederungsmanagement-zurueck-in-den-job-mit-bem-sde103440\/#Wie_laeuft_das_betriebliche_Eingliederungsmanagement_ab\" title=\"Wie l\u00e4uft das betriebliche Eingliederungsmanagement ab?\">Wie l\u00e4uft das betriebliche Eingliederungsmanagement ab?<\/a><\/li><li class='ez-toc-page-1 ez-toc-heading-level-2'><a class=\"ez-toc-link ez-toc-heading-3\" href=\"https:\/\/www.stellenanzeigen.de\/careeasy\/betriebliches-eingliederungsmanagement-zurueck-in-den-job-mit-bem-sde103440\/#Beteiligte_und_BEM-Teams\" title=\"Beteiligte und BEM-Teams\">Beteiligte und BEM-Teams<\/a><\/li><li class='ez-toc-page-1 ez-toc-heading-level-2'><a class=\"ez-toc-link ez-toc-heading-4\" href=\"https:\/\/www.stellenanzeigen.de\/careeasy\/betriebliches-eingliederungsmanagement-zurueck-in-den-job-mit-bem-sde103440\/#Krankenrueckkehrgespraeche_%E2%80%93_ist_das_BEM\" title=\"Krankenr\u00fcckkehrgespr\u00e4che \u2013 ist das BEM?\">Krankenr\u00fcckkehrgespr\u00e4che \u2013 ist das BEM?<\/a><\/li><li class='ez-toc-page-1 ez-toc-heading-level-2'><a class=\"ez-toc-link ez-toc-heading-5\" href=\"https:\/\/www.stellenanzeigen.de\/careeasy\/betriebliches-eingliederungsmanagement-zurueck-in-den-job-mit-bem-sde103440\/#BEM_und_Kuendigungsschutz\" title=\"BEM und K\u00fcndigungsschutz\">BEM und K\u00fcndigungsschutz<\/a><\/li><li class='ez-toc-page-1 ez-toc-heading-level-2'><a class=\"ez-toc-link ez-toc-heading-6\" href=\"https:\/\/www.stellenanzeigen.de\/careeasy\/betriebliches-eingliederungsmanagement-zurueck-in-den-job-mit-bem-sde103440\/#Fazit\" title=\"Fazit\">Fazit<\/a><\/li><li class='ez-toc-page-1 ez-toc-heading-level-2'><a class=\"ez-toc-link ez-toc-heading-7\" href=\"https:\/\/www.stellenanzeigen.de\/careeasy\/betriebliches-eingliederungsmanagement-zurueck-in-den-job-mit-bem-sde103440\/#Aktuelle_Jobs\" title=\"Aktuelle Jobs\">Aktuelle Jobs<\/a><\/li><\/ul><\/nav><\/div>\n\n<p><span style=\"color: #333333;\">Um das zu verhindern, gibt es das\u00a0Betriebliche Eingliederungsmanagement &#8211; kurz BEM. Es regelt gesetzlich, <strong>welche Ma\u00dfnahmen von Arbeitgeberseite zu ergreifen sind, um Arbeitnehmer von der Berufsunf\u00e4higkeit zur\u00fcck in die Besch\u00e4ftigungsf\u00e4higkeit zu f\u00fchren.<\/strong> Was genau dahintersteckt, erf\u00e4hrst du in diesem Artikel.<\/span><\/p>\n<figure id=\"attachment_103444\" aria-describedby=\"caption-attachment-103444\" style=\"width: 978px\" class=\"wp-caption alignnone\"><img decoding=\"async\" loading=\"lazy\" class=\"size-medium wp-image-103444\" src=\"https:\/\/www.stellenanzeigen.de\/careeasy\/wp-content\/uploads\/2022\/10\/iStock-1140300365_tadamichi-978x661.jpg\" alt=\"BEM - Betriebliches Eingliederungsmanagement\" width=\"978\" height=\"661\" srcset=\"https:\/\/www.stellenanzeigen.de\/careeasy\/wp-content\/uploads\/2022\/10\/iStock-1140300365_tadamichi-978x661.jpg 978w, https:\/\/www.stellenanzeigen.de\/careeasy\/wp-content\/uploads\/2022\/10\/iStock-1140300365_tadamichi-768x519.jpg 768w, https:\/\/www.stellenanzeigen.de\/careeasy\/wp-content\/uploads\/2022\/10\/iStock-1140300365_tadamichi.jpg 1245w\" sizes=\"(max-width: 978px) 100vw, 978px\" \/><figcaption id=\"caption-attachment-103444\" class=\"wp-caption-text\">Bildquelle: www.istockphoto.com \/ tadamichi<\/figcaption><\/figure>\n<h2><span class=\"ez-toc-section\" id=\"Was_ist_BEM\"><\/span><span style=\"color: #2b85b9;\">Was ist BEM?<\/span><span class=\"ez-toc-section-end\"><\/span><\/h2>\n<p><span style=\"color: #333333;\">Das BEM ist neben der Arbeitssicherheit und der Betrieblichen Gesundheitsf\u00f6rderung die dritte S\u00e4ule, die Arbeitgebern zur Verf\u00fcgung steht, <strong>um die Produktivit\u00e4t ihrer Mitarbeiterschaft nachhaltig zu f\u00f6rdern.<\/strong> Nach einer wiederholten oder ununterbrochenen Arbeitsunf\u00e4higkeit von <strong>l\u00e4nger als sechs Wochen innerhalb eines Jahres<\/strong> ist dein Arbeitgeber seit 2004 nach \u00a7 167 Abs. 2 Neuntes Buch Sozialgesetzbuch (SGB IX) verpflichtet, dir ein betriebliches Eingliederungsmanagement anzubieten. <\/span><\/p>\n<p><span style=\"color: #333333;\">Das gilt<strong> f\u00fcr jeden Arbeitnehmer in Deutschland,<\/strong> egal ob du bei einem privaten Unternehmen, <a href=\"https:\/\/www.stellenanzeigen.de\/careeasy\/auf-der-sicheren-seite-jobs-im-oeffentlichen-dienst-2024-sde87053\/\" target=\"_blank\" rel=\"noopener\">im \u00f6ffentlichen Dienst<\/a> oder bei einem kirchlichen Tr\u00e4ger besch\u00e4ftigt bist. Es gilt f\u00fcr Beamte, Aushilfs- und Teilzeitkr\u00e4fte, befristet Angestellte sowie gleicherma\u00dfen f\u00fcr schwerbehinderte und nicht behinderte Menschen. <strong>Auch die Art der Erkrankung, die deine Arbeitsunf\u00e4higkeit verursacht hat, spielt keine Rolle.<\/strong><\/span><\/p>\n<h2><span class=\"ez-toc-section\" id=\"Wie_laeuft_das_betriebliche_Eingliederungsmanagement_ab\"><\/span><span style=\"color: #2b85b9;\">Wie l\u00e4uft das betriebliche Eingliederungsmanagement ab?<\/span><span class=\"ez-toc-section-end\"><\/span><\/h2>\n<p><span style=\"color: #333333;\">Ziel des betrieblichen Eingliederungsmanagements ist, dem Arbeitnehmer <strong>Hilfen zur Wiedereingliederung und zur Vorbeugung einer erneuten Arbeitsunf\u00e4higkeit<\/strong> zu geben. Wie genau dies ablaufen soll, wird in \u00a7 167 Abs. 2 SGB IX nicht vorgegeben. Daher hat jeder Betrieb seine eigenen L\u00f6sungen zu finden. Vom Gesetz vorgeschrieben ist lediglich <strong>die Beteiligung der zust\u00e4ndigen Interessensvertretung des Besch\u00e4ftigten,<\/strong> wie beispielsweise des <a href=\"https:\/\/www.stellenanzeigen.de\/careeasy\/was-macht-ein-betriebsrat-aufgaben-rechte-und-pflichten-sde97456\/\" target=\"_blank\" rel=\"noopener\">Betriebsrats,<\/a> sofern der Betroffene dem zugestimmt hat. Bei schwerbehinderten Arbeitnehmern sollte au\u00dferdem die Schwerbehindertenvertretung beteiligt sein. Auch der <a href=\"https:\/\/www.stellenanzeigen.de\/careeasy\/betriebsarzt-dafuer-ist-er-da-sde17307\/\" target=\"_blank\" rel=\"noopener\">Betriebsarzt<\/a> kann hinzugezogen werden, sofern dies erforderlich ist.<\/span><\/p>\n<p><span style=\"color: #333333;\">In Zusammenarbeit mit Experten wird beim betrieblichen Eingliederungsmanagement<strong> die Arbeitsbelastung untersucht und gekl\u00e4rt, ob beispielsweise der Arbeitsplatz neu eingerichtet werden muss.<\/strong> Au\u00dferdem wird gepr\u00fcft, ob durch eine angepasste Arbeitsorganisation die Belastung reduziert werden und einer erneuten Arbeitsunf\u00e4higkeit entgegengewirkt werden kann. <strong>Die Betroffenen k\u00f6nnen selbst entscheiden, ob sie die Leistungen des BEM in Anspruch nehmen m\u00f6chten.<\/strong> Die Teilnahme kann jederzeit unterbrochen und bereits angelaufene Ma\u00dfnahmen ausgesetzt werden.<\/span><\/p>\n<figure id=\"attachment_103446\" aria-describedby=\"caption-attachment-103446\" style=\"width: 978px\" class=\"wp-caption alignnone\"><img decoding=\"async\" loading=\"lazy\" class=\"size-medium wp-image-103446\" src=\"https:\/\/www.stellenanzeigen.de\/careeasy\/wp-content\/uploads\/2022\/10\/iStock-1346125184_Ridofranz-978x652.jpg\" alt=\"BEM - Betriebliches Eingliederungsmanagement\" width=\"978\" height=\"652\" srcset=\"https:\/\/www.stellenanzeigen.de\/careeasy\/wp-content\/uploads\/2022\/10\/iStock-1346125184_Ridofranz-978x652.jpg 978w, https:\/\/www.stellenanzeigen.de\/careeasy\/wp-content\/uploads\/2022\/10\/iStock-1346125184_Ridofranz-768x512.jpg 768w, https:\/\/www.stellenanzeigen.de\/careeasy\/wp-content\/uploads\/2022\/10\/iStock-1346125184_Ridofranz.jpg 1254w\" sizes=\"(max-width: 978px) 100vw, 978px\" \/><figcaption id=\"caption-attachment-103446\" class=\"wp-caption-text\">Bildquelle: www.istockphoto.com \/ Ridofranz<\/figcaption><\/figure>\n<h2><span class=\"ez-toc-section\" id=\"Beteiligte_und_BEM-Teams\"><\/span><span style=\"color: #2b85b9;\">Beteiligte und BEM-Teams<\/span><span class=\"ez-toc-section-end\"><\/span><\/h2>\n<p><span style=\"color: #333333;\">Es kann ein sogenanntes BEM-Team gebildet werden, das aus mehreren Fachleuten besteht. Neben dir selbst und deinen Vorgesetzten kann am BEM <strong>der Personal- oder Betriebsrat ebenso beteiligt sein wie ein Betriebs- oder Amtsarzt, unter Umst\u00e4nden auch die Schwerbehindertenvertretung.<\/strong> Auch hier gilt: Wer au\u00dfer dem Vertreter des Arbeitgebers teilnimmt, bestimmst du. Lehnst du also Betriebsrat oder Amtsarzt als Beteiligte ab, dann sind diese von den Ma\u00dfnahmen ausgeschlossen.\u00a0<\/span><\/p>\n<p><span style=\"color: #333333;\">Der Arbeitgeber kann diesem Team unter Zustimmung des betroffenen Besch\u00e4ftigten\u00a0die Durchf\u00fchrung des BEM-Prozesses \u00fcbertragen. BEM-Teams oder Integrationsteams sind <strong>nur auf der Grundlage einer freiwilligen Betriebsvereinbarung m\u00f6glich.<\/strong> Dein Arbeitgeber kann dieser Betriebsvereinbarung zustimmen, jedoch ist dies keine Pflicht.\u00a0In einem BEM-Einladungsschreibung muss darauf hingewiesen werden, dass der Besch\u00e4ftigte das Recht hat, Mitglieder des Betriebsrats aus dem BEM-Team herauszuhalten. <strong>Die Gr\u00f6\u00dfe des Integrationsteams h\u00e4ngt daher von der Entscheidung des Besch\u00e4ftigten ab.<\/strong><\/span><\/p>\n<h2><span class=\"ez-toc-section\" id=\"Krankenrueckkehrgespraeche_%E2%80%93_ist_das_BEM\"><\/span><span style=\"color: #2b85b9;\">Krankenr\u00fcckkehrgespr\u00e4che \u2013 ist das BEM?<\/span><span class=\"ez-toc-section-end\"><\/span><\/h2>\n<p><span style=\"color: #333333;\">Manchmal werden unmittelbar nach der Erkrankung eines Mitarbeiters sogenannte Krankenr\u00fcckkehrgespr\u00e4che gef\u00fchrt. In diesen m\u00f6chte der Arbeitgeber <strong>\u00fcber die Gr\u00fcnde f\u00fcr die Fehltage sprechen.<\/strong> Solche Gespr\u00e4che sind nicht selten negativ f\u00fcr den Besch\u00e4ftigten, da der Arbeitnehmer ihn durch diese oftmals auf eine <a href=\"https:\/\/www.stellenanzeigen.de\/careeasy\/kuendigungsschutz-fuer-arbeitnehmer-das-solltest-du-wissen-sde89202\/\" target=\"_blank\" rel=\"noopener\">krankheitsbedingte K\u00fcndigung<\/a> vorbereitet. <strong>Der BEM-Prozess und Krankenr\u00fcckkehrgespr\u00e4che haben demnach nichts miteinander zu tun.<\/strong> Letzteres erfolgt erst nach deiner R\u00fcckkehr an den Arbeitsplatz. BEM sollte \u2013 dein Einverst\u00e4ndnis vorausgesetzt \u2013 schon w\u00e4hrend des Krankenstandes ausloten, wie dein Wiedereinstieg am besten gelingen kann.<\/span><\/p>\n<figure id=\"attachment_103443\" aria-describedby=\"caption-attachment-103443\" style=\"width: 978px\" class=\"wp-caption alignnone\"><img decoding=\"async\" loading=\"lazy\" class=\"size-medium wp-image-103443\" src=\"https:\/\/www.stellenanzeigen.de\/careeasy\/wp-content\/uploads\/2022\/10\/iStock-639335576_Stadtratte-978x653.jpg\" alt=\"BEM - Betriebliches Eingliederungsmanagement\" width=\"978\" height=\"653\" srcset=\"https:\/\/www.stellenanzeigen.de\/careeasy\/wp-content\/uploads\/2022\/10\/iStock-639335576_Stadtratte-978x652.jpg 978w, https:\/\/www.stellenanzeigen.de\/careeasy\/wp-content\/uploads\/2022\/10\/iStock-639335576_Stadtratte-768x513.jpg 768w, https:\/\/www.stellenanzeigen.de\/careeasy\/wp-content\/uploads\/2022\/10\/iStock-639335576_Stadtratte.jpg 1254w\" sizes=\"(max-width: 978px) 100vw, 978px\" \/><figcaption id=\"caption-attachment-103443\" class=\"wp-caption-text\">Bildquelle: www.istockphoto.com \/ Stadtratte<\/figcaption><\/figure>\n<h2><span class=\"ez-toc-section\" id=\"BEM_und_Kuendigungsschutz\"><\/span><span style=\"color: #2b85b9;\">BEM und K\u00fcndigungsschutz<\/span><span class=\"ez-toc-section-end\"><\/span><\/h2>\n<p><span style=\"color: #333333;\">In einem Urteil vom 10.12.2009 hat das Bundesarbeitsgericht die k\u00fcndigungsschutzrechtliche Bedeutung des BEM herausgearbeitet. Das BEM hat das Ziel, <strong>eine K\u00fcndigung abzuwenden, indem andere Alternativen identifiziert werden.<\/strong> Dies kann zum Beispiel die Umstellung des Arbeitsplatzes oder eben die stufenweise Wiedereingliederung sein. Spricht dein Arbeitgeber eine krankheitsbedingte K\u00fcndigung aus, ohne dir vorher BEM anzubieten,<strong> so muss dieser beweisen, dass auch durch das BEM-Verfahren das Arbeitsverh\u00e4ltnis nicht mehr weiter erhalten werden kann.<\/strong> Damit setzt er sich selbst einem enormen Risiko aus, den K\u00fcndigungsschutzprozess zu verlieren.\u00a0<\/span><\/p>\n<h2><span class=\"ez-toc-section\" id=\"Fazit\"><\/span><span style=\"color: #2b85b9;\">Fazit<\/span><span class=\"ez-toc-section-end\"><\/span><\/h2>\n<p><span style=\"color: #333333;\">Kommt es bei dir als Arbeitnehmer zu einer l\u00e4ngeren Arbeitsunf\u00e4higkeit, kann die Wiedereingliederung in den Arbeitsalltag zu einer echten Herausforderung werden. Das Betriebliche Eingliederungsmanagement &#8211; kurz BEM &#8211; soll dir dabei helfen, wieder einzusteigen. Es ist dem betrieblichen <a class=\"wpil_keyword_link\" title=\"Gesundheitsmanagement\" href=\"https:\/\/www.stellenanzeigen.de\/jobs\/gesundheitsmanagement\/\">Gesundheitsmanagement<\/a> (BGM) zuzuordnen und eine Pflicht deines Arbeitgebers. <\/span><\/p>\n<p><span style=\"color: #333333;\">Ziel ist, durch BEM-Gespr\u00e4che und Ma\u00dfnahmen zur F\u00f6rderung der betrieblichen Gesundheit eine Wiederaufnahme deiner T\u00e4tigkeit zu erm\u00f6glichen und eine krankheitsbedingte K\u00fcndigung abzuwenden. BEM kann dabei helfen, eine neue und angemessene Besch\u00e4ftigungsm\u00f6glichkeit zu entdecken und Mittel zu finden, mit denen die Arbeitsunf\u00e4higkeit \u00fcberwunden werden kann. Ob du BEM in Anspruch nimmst, liegt allerdings ganz bei dir. Die Teilnahme der betroffenen Arbeitnehmer ist immer freiwillig.<\/span><\/p>\n<h2><span class=\"ez-toc-section\" id=\"Aktuelle_Jobs\"><\/span><a href=\"https:\/\/www.stellenanzeigen.de\/jobs\/\" target=\"_blank\" rel=\"noopener noreferrer\">Aktuelle Jobs<\/a><span class=\"ez-toc-section-end\"><\/span><\/h2>\n<hr \/>\n<div id=\"suchwidgetErgebnisliste\"><\/div>\n<div id=\"StellenanzeigenSuchwidget\" tabindex=\"-1\"><\/div>\n<p><script>\n  var config = {\n    apiKey : 'FBEB08FBC7BB75349E26C51C530F79BF',\n    resultsPerPage : 3,\n    searchRadius : 60,\n    fulltext : null,\n    city : null,\n    category : null,\n    subCategories : null\n  };\n<\/script><br \/>\n<script type=\"text\/javascript\" src=\"https:\/\/app.stellenanzeigen.de\/widget\/init.js\"><\/script><\/p>\n<hr \/>\n","protected":false},"excerpt":{"rendered":"<p>Wer l\u00e4nger erkrankt, hat bei der R\u00fcckkehr in den Job h\u00e4ufig Schwierigkeiten damit, sich nach der Auszeit wieder in den Arbeitsalltag einzugliedern. Oft ist&#8230;<\/p>\n","protected":false},"author":106,"featured_media":103445,"comment_status":"open","ping_status":"open","sticky":false,"template":"","format":"standard","meta":{"_uag_custom_page_level_css":""},"categories":[118],"tags":[13183,13184,5570,13185],"yoast_head":"<!-- This site is optimized with the Yoast SEO plugin v20.7 - https:\/\/yoast.com\/wordpress\/plugins\/seo\/ -->\n<title>Betriebliches Eingliederungsmanagement: Zur\u00fcck in den Job mit BEM | careeasy - Dein Karrieremagazin<\/title>\n<meta name=\"description\" content=\"Wer l\u00e4nger erkrankt, hat bei der R\u00fcckkehr in den Job h\u00e4ufig Schwierigkeiten damit, sich nach der Auszeit wieder in den Arbeitsalltag einzugliedern. Oft\" \/>\n<meta name=\"robots\" content=\"index, follow, max-snippet:-1, max-image-preview:large, max-video-preview:-1\" \/>\n<link rel=\"canonical\" href=\"https:\/\/careeasy.prod.tenhil.io\/careeasy\/betriebliches-eingliederungsmanagement-zurueck-in-den-job-mit-bem-sde103440\/\" \/>\n<meta property=\"og:locale\" content=\"de_DE\" \/>\n<meta property=\"og:type\" content=\"article\" \/>\n<meta property=\"og:title\" content=\"Betriebliches Eingliederungsmanagement: Zur\u00fcck in den Job mit BEM | careeasy - Dein Karrieremagazin\" \/>\n<meta property=\"og:description\" content=\"Wer l\u00e4nger erkrankt, hat bei der R\u00fcckkehr in den Job h\u00e4ufig Schwierigkeiten damit, sich nach der Auszeit wieder in den Arbeitsalltag einzugliedern. Oft\" \/>\n<meta property=\"og:url\" content=\"https:\/\/careeasy.prod.tenhil.io\/careeasy\/betriebliches-eingliederungsmanagement-zurueck-in-den-job-mit-bem-sde103440\/\" \/>\n<meta property=\"og:site_name\" content=\"careeasy - Dein Karrieremagazin\" \/>\n<meta property=\"article:publisher\" content=\"https:\/\/www.facebook.com\/stellenanzeigen.de\/\" \/>\n<meta property=\"article:published_time\" content=\"2022-10-21T05:00:13+00:00\" \/>\n<meta property=\"article:modified_time\" content=\"2024-03-22T11:30:01+00:00\" \/>\n<meta property=\"og:image\" content=\"https:\/\/careeasy.prod.tenhil.io\/careeasy\/wp-content\/uploads\/2022\/10\/iStock-1330553406_jacoblund.jpg\" \/>\n\t<meta property=\"og:image:width\" content=\"1253\" \/>\n\t<meta property=\"og:image:height\" content=\"836\" \/>\n\t<meta property=\"og:image:type\" content=\"image\/jpeg\" \/>\n<meta name=\"author\" content=\"Marina Pavel\" \/>\n<meta name=\"twitter:label1\" content=\"Verfasst von\" \/>\n\t<meta name=\"twitter:data1\" content=\"Marina Pavel\" \/>\n\t<meta name=\"twitter:label2\" content=\"Gesch\u00e4tzte Lesezeit\" \/>\n\t<meta name=\"twitter:data2\" content=\"6 Minuten\" \/>\n<script type=\"application\/ld+json\" class=\"yoast-schema-graph\">{\"@context\":\"https:\/\/schema.org\",\"@graph\":[{\"@type\":\"Article\",\"@id\":\"https:\/\/careeasy.prod.tenhil.io\/careeasy\/betriebliches-eingliederungsmanagement-zurueck-in-den-job-mit-bem-sde103440\/#article\",\"isPartOf\":{\"@id\":\"https:\/\/careeasy.prod.tenhil.io\/careeasy\/betriebliches-eingliederungsmanagement-zurueck-in-den-job-mit-bem-sde103440\/\"},\"author\":{\"name\":\"Marina Pavel\",\"@id\":\"https:\/\/www.stellenanzeigen.de\/careeasy\/#\/schema\/person\/4f4889284dce2cf97e546a57e442181d\"},\"headline\":\"Betriebliches Eingliederungsmanagement: Zur\u00fcck in den Job mit BEM\",\"datePublished\":\"2022-10-21T05:00:13+00:00\",\"dateModified\":\"2024-03-22T11:30:01+00:00\",\"mainEntityOfPage\":{\"@id\":\"https:\/\/careeasy.prod.tenhil.io\/careeasy\/betriebliches-eingliederungsmanagement-zurueck-in-den-job-mit-bem-sde103440\/\"},\"wordCount\":932,\"commentCount\":0,\"publisher\":{\"@id\":\"https:\/\/www.stellenanzeigen.de\/careeasy\/#organization\"},\"keywords\":[\"BEM\",\"Betriebliches Eingliederungsmanagement\",\"Krankheit\",\"krankheitsbedingte K\u00fcndigung\"],\"articleSection\":[\"Arbeitsrecht\"],\"inLanguage\":\"de-DE\",\"potentialAction\":[{\"@type\":\"CommentAction\",\"name\":\"Comment\",\"target\":[\"https:\/\/careeasy.prod.tenhil.io\/careeasy\/betriebliches-eingliederungsmanagement-zurueck-in-den-job-mit-bem-sde103440\/#respond\"]}]},{\"@type\":\"WebPage\",\"@id\":\"https:\/\/careeasy.prod.tenhil.io\/careeasy\/betriebliches-eingliederungsmanagement-zurueck-in-den-job-mit-bem-sde103440\/\",\"url\":\"https:\/\/careeasy.prod.tenhil.io\/careeasy\/betriebliches-eingliederungsmanagement-zurueck-in-den-job-mit-bem-sde103440\/\",\"name\":\"Betriebliches Eingliederungsmanagement: Zur\u00fcck in den Job mit BEM | careeasy - Dein Karrieremagazin\",\"isPartOf\":{\"@id\":\"https:\/\/www.stellenanzeigen.de\/careeasy\/#website\"},\"datePublished\":\"2022-10-21T05:00:13+00:00\",\"dateModified\":\"2024-03-22T11:30:01+00:00\",\"description\":\"Wer l\u00e4nger erkrankt, hat bei der R\u00fcckkehr in den Job h\u00e4ufig Schwierigkeiten damit, sich nach der Auszeit wieder in den Arbeitsalltag einzugliedern. Oft\",\"breadcrumb\":{\"@id\":\"https:\/\/careeasy.prod.tenhil.io\/careeasy\/betriebliches-eingliederungsmanagement-zurueck-in-den-job-mit-bem-sde103440\/#breadcrumb\"},\"inLanguage\":\"de-DE\",\"potentialAction\":[{\"@type\":\"ReadAction\",\"target\":[\"https:\/\/careeasy.prod.tenhil.io\/careeasy\/betriebliches-eingliederungsmanagement-zurueck-in-den-job-mit-bem-sde103440\/\"]}]},{\"@type\":\"BreadcrumbList\",\"@id\":\"https:\/\/careeasy.prod.tenhil.io\/careeasy\/betriebliches-eingliederungsmanagement-zurueck-in-den-job-mit-bem-sde103440\/#breadcrumb\",\"itemListElement\":[{\"@type\":\"ListItem\",\"position\":1,\"name\":\"Careeasy\",\"item\":\"https:\/\/www.stellenanzeigen.de\/careeasy\/\"},{\"@type\":\"ListItem\",\"position\":2,\"name\":\"Betriebliches Eingliederungsmanagement: Zur\u00fcck in den Job mit BEM\"}]},{\"@type\":\"WebSite\",\"@id\":\"https:\/\/www.stellenanzeigen.de\/careeasy\/#website\",\"url\":\"https:\/\/www.stellenanzeigen.de\/careeasy\/\",\"name\":\"careeasy - Dein Karrieremagazin\",\"description\":\"\",\"publisher\":{\"@id\":\"https:\/\/www.stellenanzeigen.de\/careeasy\/#organization\"},\"potentialAction\":[{\"@type\":\"SearchAction\",\"target\":{\"@type\":\"EntryPoint\",\"urlTemplate\":\"https:\/\/www.stellenanzeigen.de\/careeasy\/?s={search_term_string}\"},\"query-input\":\"required name=search_term_string\"}],\"inLanguage\":\"de-DE\"},{\"@type\":\"Organization\",\"@id\":\"https:\/\/www.stellenanzeigen.de\/careeasy\/#organization\",\"name\":\"careeasy - Dein Karrieremagazin\",\"url\":\"https:\/\/www.stellenanzeigen.de\/careeasy\/\",\"logo\":{\"@type\":\"ImageObject\",\"inLanguage\":\"de-DE\",\"@id\":\"https:\/\/www.stellenanzeigen.de\/careeasy\/#\/schema\/logo\/image\/\",\"url\":\"https:\/\/www.stellenanzeigen.de\/careeasy\/wp-content\/uploads\/2024\/03\/careeasy_logo.jpg\",\"contentUrl\":\"https:\/\/www.stellenanzeigen.de\/careeasy\/wp-content\/uploads\/2024\/03\/careeasy_logo.jpg\",\"width\":701,\"height\":223,\"caption\":\"careeasy - Dein Karrieremagazin\"},\"image\":{\"@id\":\"https:\/\/www.stellenanzeigen.de\/careeasy\/#\/schema\/logo\/image\/\"},\"sameAs\":[\"https:\/\/www.facebook.com\/stellenanzeigen.de\/\"]},{\"@type\":\"Person\",\"@id\":\"https:\/\/www.stellenanzeigen.de\/careeasy\/#\/schema\/person\/4f4889284dce2cf97e546a57e442181d\",\"name\":\"Marina Pavel\",\"description\":\"Marina ist Redakteurin, Content-Managerin &amp; Autorin. Sie hat Romanische Sprachen, Literatur &amp; Linguistik an der Ludwig-Maximilians-Universit\u00e4t M\u00fcnchen studiert. Schreiben ist f\u00fcr sie nicht nur ein Beruf, es ist auch ihre gro\u00dfe Leidenschaft. F\u00fcr careeasy - Dein Karrieremagazin von stellenanzeigen.de schreibt Marina freiberuflich \u00fcber Themen rund um Bewerbung, Karriere und Pers\u00f6nlichkeitsentwicklung.\",\"url\":\"https:\/\/www.stellenanzeigen.de\/careeasy\/author\/marina\/\"}]}<\/script>\n<!-- \/ Yoast SEO plugin. -->","yoast_head_json":{"title":"Betriebliches Eingliederungsmanagement: Zur\u00fcck in den Job mit BEM | careeasy - Dein Karrieremagazin","description":"Wer l\u00e4nger erkrankt, hat bei der R\u00fcckkehr in den Job h\u00e4ufig Schwierigkeiten damit, sich nach der Auszeit wieder in den Arbeitsalltag einzugliedern. Oft","robots":{"index":"index","follow":"follow","max-snippet":"max-snippet:-1","max-image-preview":"max-image-preview:large","max-video-preview":"max-video-preview:-1"},"canonical":"https:\/\/careeasy.prod.tenhil.io\/careeasy\/betriebliches-eingliederungsmanagement-zurueck-in-den-job-mit-bem-sde103440\/","og_locale":"de_DE","og_type":"article","og_title":"Betriebliches Eingliederungsmanagement: Zur\u00fcck in den Job mit BEM | careeasy - Dein Karrieremagazin","og_description":"Wer l\u00e4nger erkrankt, hat bei der R\u00fcckkehr in den Job h\u00e4ufig Schwierigkeiten damit, sich nach der Auszeit wieder in den Arbeitsalltag einzugliedern. Oft","og_url":"https:\/\/careeasy.prod.tenhil.io\/careeasy\/betriebliches-eingliederungsmanagement-zurueck-in-den-job-mit-bem-sde103440\/","og_site_name":"careeasy - Dein Karrieremagazin","article_publisher":"https:\/\/www.facebook.com\/stellenanzeigen.de\/","article_published_time":"2022-10-21T05:00:13+00:00","article_modified_time":"2024-03-22T11:30:01+00:00","og_image":[{"width":1253,"height":836,"url":"https:\/\/careeasy.prod.tenhil.io\/careeasy\/wp-content\/uploads\/2022\/10\/iStock-1330553406_jacoblund.jpg","type":"image\/jpeg"}],"author":"Marina Pavel","twitter_misc":{"Verfasst von":"Marina Pavel","Gesch\u00e4tzte Lesezeit":"6 Minuten"},"schema":{"@context":"https:\/\/schema.org","@graph":[{"@type":"Article","@id":"https:\/\/careeasy.prod.tenhil.io\/careeasy\/betriebliches-eingliederungsmanagement-zurueck-in-den-job-mit-bem-sde103440\/#article","isPartOf":{"@id":"https:\/\/careeasy.prod.tenhil.io\/careeasy\/betriebliches-eingliederungsmanagement-zurueck-in-den-job-mit-bem-sde103440\/"},"author":{"name":"Marina Pavel","@id":"https:\/\/www.stellenanzeigen.de\/careeasy\/#\/schema\/person\/4f4889284dce2cf97e546a57e442181d"},"headline":"Betriebliches Eingliederungsmanagement: Zur\u00fcck in den Job mit BEM","datePublished":"2022-10-21T05:00:13+00:00","dateModified":"2024-03-22T11:30:01+00:00","mainEntityOfPage":{"@id":"https:\/\/careeasy.prod.tenhil.io\/careeasy\/betriebliches-eingliederungsmanagement-zurueck-in-den-job-mit-bem-sde103440\/"},"wordCount":932,"commentCount":0,"publisher":{"@id":"https:\/\/www.stellenanzeigen.de\/careeasy\/#organization"},"keywords":["BEM","Betriebliches Eingliederungsmanagement","Krankheit","krankheitsbedingte K\u00fcndigung"],"articleSection":["Arbeitsrecht"],"inLanguage":"de-DE","potentialAction":[{"@type":"CommentAction","name":"Comment","target":["https:\/\/careeasy.prod.tenhil.io\/careeasy\/betriebliches-eingliederungsmanagement-zurueck-in-den-job-mit-bem-sde103440\/#respond"]}]},{"@type":"WebPage","@id":"https:\/\/careeasy.prod.tenhil.io\/careeasy\/betriebliches-eingliederungsmanagement-zurueck-in-den-job-mit-bem-sde103440\/","url":"https:\/\/careeasy.prod.tenhil.io\/careeasy\/betriebliches-eingliederungsmanagement-zurueck-in-den-job-mit-bem-sde103440\/","name":"Betriebliches Eingliederungsmanagement: Zur\u00fcck in den Job mit BEM | careeasy - Dein Karrieremagazin","isPartOf":{"@id":"https:\/\/www.stellenanzeigen.de\/careeasy\/#website"},"datePublished":"2022-10-21T05:00:13+00:00","dateModified":"2024-03-22T11:30:01+00:00","description":"Wer l\u00e4nger erkrankt, hat bei der R\u00fcckkehr in den Job h\u00e4ufig Schwierigkeiten damit, sich nach der Auszeit wieder in den Arbeitsalltag einzugliedern. Oft","breadcrumb":{"@id":"https:\/\/careeasy.prod.tenhil.io\/careeasy\/betriebliches-eingliederungsmanagement-zurueck-in-den-job-mit-bem-sde103440\/#breadcrumb"},"inLanguage":"de-DE","potentialAction":[{"@type":"ReadAction","target":["https:\/\/careeasy.prod.tenhil.io\/careeasy\/betriebliches-eingliederungsmanagement-zurueck-in-den-job-mit-bem-sde103440\/"]}]},{"@type":"BreadcrumbList","@id":"https:\/\/careeasy.prod.tenhil.io\/careeasy\/betriebliches-eingliederungsmanagement-zurueck-in-den-job-mit-bem-sde103440\/#breadcrumb","itemListElement":[{"@type":"ListItem","position":1,"name":"Careeasy","item":"https:\/\/www.stellenanzeigen.de\/careeasy\/"},{"@type":"ListItem","position":2,"name":"Betriebliches Eingliederungsmanagement: Zur\u00fcck in den Job mit BEM"}]},{"@type":"WebSite","@id":"https:\/\/www.stellenanzeigen.de\/careeasy\/#website","url":"https:\/\/www.stellenanzeigen.de\/careeasy\/","name":"careeasy - Dein Karrieremagazin","description":"","publisher":{"@id":"https:\/\/www.stellenanzeigen.de\/careeasy\/#organization"},"potentialAction":[{"@type":"SearchAction","target":{"@type":"EntryPoint","urlTemplate":"https:\/\/www.stellenanzeigen.de\/careeasy\/?s={search_term_string}"},"query-input":"required name=search_term_string"}],"inLanguage":"de-DE"},{"@type":"Organization","@id":"https:\/\/www.stellenanzeigen.de\/careeasy\/#organization","name":"careeasy - Dein Karrieremagazin","url":"https:\/\/www.stellenanzeigen.de\/careeasy\/","logo":{"@type":"ImageObject","inLanguage":"de-DE","@id":"https:\/\/www.stellenanzeigen.de\/careeasy\/#\/schema\/logo\/image\/","url":"https:\/\/www.stellenanzeigen.de\/careeasy\/wp-content\/uploads\/2024\/03\/careeasy_logo.jpg","contentUrl":"https:\/\/www.stellenanzeigen.de\/careeasy\/wp-content\/uploads\/2024\/03\/careeasy_logo.jpg","width":701,"height":223,"caption":"careeasy - Dein Karrieremagazin"},"image":{"@id":"https:\/\/www.stellenanzeigen.de\/careeasy\/#\/schema\/logo\/image\/"},"sameAs":["https:\/\/www.facebook.com\/stellenanzeigen.de\/"]},{"@type":"Person","@id":"https:\/\/www.stellenanzeigen.de\/careeasy\/#\/schema\/person\/4f4889284dce2cf97e546a57e442181d","name":"Marina Pavel","description":"Marina ist Redakteurin, Content-Managerin &amp; Autorin. Sie hat Romanische Sprachen, Literatur &amp; Linguistik an der Ludwig-Maximilians-Universit\u00e4t M\u00fcnchen studiert. Schreiben ist f\u00fcr sie nicht nur ein Beruf, es ist auch ihre gro\u00dfe Leidenschaft. F\u00fcr careeasy - Dein Karrieremagazin von stellenanzeigen.de schreibt Marina freiberuflich \u00fcber Themen rund um Bewerbung, Karriere und Pers\u00f6nlichkeitsentwicklung.","url":"https:\/\/www.stellenanzeigen.de\/careeasy\/author\/marina\/"}]}},"uagb_featured_image_src":{"full":["https:\/\/www.stellenanzeigen.de\/careeasy\/wp-content\/uploads\/2022\/10\/iStock-1330553406_jacoblund.jpg",1253,836,false],"thumbnail":["https:\/\/www.stellenanzeigen.de\/careeasy\/wp-content\/uploads\/2022\/10\/iStock-1330553406_jacoblund-150x150.jpg",150,150,true],"medium":["https:\/\/www.stellenanzeigen.de\/careeasy\/wp-content\/uploads\/2022\/10\/iStock-1330553406_jacoblund-978x653.jpg",978,653,true],"medium_large":["https:\/\/www.stellenanzeigen.de\/careeasy\/wp-content\/uploads\/2022\/10\/iStock-1330553406_jacoblund-768x512.jpg",768,512,true],"large":["https:\/\/www.stellenanzeigen.de\/careeasy\/wp-content\/uploads\/2022\/10\/iStock-1330553406_jacoblund.jpg",798,532,false],"1536x1536":["https:\/\/www.stellenanzeigen.de\/careeasy\/wp-content\/uploads\/2022\/10\/iStock-1330553406_jacoblund.jpg",1253,836,false],"2048x2048":["https:\/\/www.stellenanzeigen.de\/careeasy\/wp-content\/uploads\/2022\/10\/iStock-1330553406_jacoblund.jpg",1253,836,false],"neomag-medium":["https:\/\/www.stellenanzeigen.de\/careeasy\/wp-content\/uploads\/2022\/10\/iStock-1330553406_jacoblund-428x260.jpg",428,260,true],"neomag-big":["https:\/\/www.stellenanzeigen.de\/careeasy\/wp-content\/uploads\/2022\/10\/iStock-1330553406_jacoblund-489x286.jpg",489,286,true],"neomag-large":["https:\/\/www.stellenanzeigen.de\/careeasy\/wp-content\/uploads\/2022\/10\/iStock-1330553406_jacoblund-672x414.jpg",672,414,true],"neomag-huge":["https:\/\/www.stellenanzeigen.de\/careeasy\/wp-content\/uploads\/2022\/10\/iStock-1330553406_jacoblund-978x652.jpg",978,652,true]},"uagb_author_info":{"display_name":"Marina Pavel","author_link":"https:\/\/www.stellenanzeigen.de\/careeasy\/author\/marina\/"},"uagb_comment_info":1,"uagb_excerpt":"Wer l\u00e4nger erkrankt, hat bei der R\u00fcckkehr in den Job h\u00e4ufig Schwierigkeiten damit, sich nach der Auszeit wieder in den Arbeitsalltag einzugliedern. Oft ist...","_links":{"self":[{"href":"https:\/\/www.stellenanzeigen.de\/careeasy\/wp-json\/wp\/v2\/posts\/103440"}],"collection":[{"href":"https:\/\/www.stellenanzeigen.de\/careeasy\/wp-json\/wp\/v2\/posts"}],"about":[{"href":"https:\/\/www.stellenanzeigen.de\/careeasy\/wp-json\/wp\/v2\/types\/post"}],"author":[{"embeddable":true,"href":"https:\/\/www.stellenanzeigen.de\/careeasy\/wp-json\/wp\/v2\/users\/106"}],"replies":[{"embeddable":true,"href":"https:\/\/www.stellenanzeigen.de\/careeasy\/wp-json\/wp\/v2\/comments?post=103440"}],"version-history":[{"count":7,"href":"https:\/\/www.stellenanzeigen.de\/careeasy\/wp-json\/wp\/v2\/posts\/103440\/revisions"}],"predecessor-version":[{"id":117768,"href":"https:\/\/www.stellenanzeigen.de\/careeasy\/wp-json\/wp\/v2\/posts\/103440\/revisions\/117768"}],"wp:featuredmedia":[{"embeddable":true,"href":"https:\/\/www.stellenanzeigen.de\/careeasy\/wp-json\/wp\/v2\/media\/103445"}],"wp:attachment":[{"href":"https:\/\/www.stellenanzeigen.de\/careeasy\/wp-json\/wp\/v2\/media?parent=103440"}],"wp:term":[{"taxonomy":"category","embeddable":true,"href":"https:\/\/www.stellenanzeigen.de\/careeasy\/wp-json\/wp\/v2\/categories?post=103440"},{"taxonomy":"post_tag","embeddable":true,"href":"https:\/\/www.stellenanzeigen.de\/careeasy\/wp-json\/wp\/v2\/tags?post=103440"}],"curies":[{"name":"wp","href":"https:\/\/api.w.org\/{rel}","templated":true}]}}